{"id":59395,"date":"2020-07-07T18:40:00","date_gmt":"2020-07-07T16:40:00","guid":{"rendered":"https:\/\/prizrenpost.com\/al\/?p=59395"},"modified":"2021-06-25T16:16:36","modified_gmt":"2021-06-25T14:16:36","slug":"muriqi-i-fenerbahces-ka-pranuar-kalimin-ne-ligen-premier","status":"publish","type":"post","link":"https:\/\/prizrenpost.com\/al\/muriqi-i-fenerbahces-ka-pranuar-kalimin-ne-ligen-premier\/","title":{"rendered":"Muriqi i Fenerbah\u00e7es ka pranuar kalimin n\u00eb Lig\u00ebn Premier"},"content":{"rendered":"<p><img decoding=\"async\" src=\"https:\/\/prizrenpost.com\/al\/wp-content\/uploads\/2020\/07\/muriqi-bilic.jpg\" alt=\"\" width=\"100%\" height=\"\" class=\"alignleft size-full wp-image-59396\" srcset=\"https:\/\/prizrenpost.com\/al\/wp-content\/uploads\/2020\/07\/muriqi-bilic.jpg 780w, https:\/\/prizrenpost.com\/al\/wp-content\/uploads\/2020\/07\/muriqi-bilic-300x169.jpg 300w, https:\/\/prizrenpost.com\/al\/wp-content\/uploads\/2020\/07\/muriqi-bilic-768x432.jpg 768w\" sizes=\"(max-width: 780px) 100vw, 780px\" \/><\/p>\n<p><strong>Slaven Bilic, trajneri i West Bromwich, q\u00eb luan n\u00eb Championship, ka telefonuar yllin e Fenerbah\u00e7es, Vedat Muriqin, p\u00ebr nj\u00eb transferim t\u00eb mundsh\u00ebm n\u00eb Angli.<\/strong><\/p>\n<p>WBA jan\u00eb n\u00eb vendin e dyt\u00eb me 77 pik\u00eb, me pes\u00eb pik\u00eb m\u00eb shum\u00eb se ndjek\u00ebsi m\u00eb i af\u00ebrt dhe me shum\u00eb mund\u00ebsi do t\u00eb inkuadrohet n\u00eb Lig\u00ebn Premier.<\/p>\n<p>Mediat turke kan\u00eb zbuluar detaje nga telefonata e trajnerit kroat me sulmuesin e Kosov\u00ebs.<\/p>\n<p>M\u00ebsohet se Bilic i ka th\u00ebn\u00eb Vedat Muriqit: \u201cJu jeni nj\u00eb sulmues shum\u00eb i mir\u00eb dhe jemi duke ju shikuar qe nj\u00eb koh\u00eb t\u00eb gjat\u00eb. Un\u00eb dua q\u00eb ju t\u00eb luani n\u00eb West Bromwich n\u00eb sezonin e ri. K\u00ebtu yjet shk\u00eblqejn\u00eb\u201d.<\/p>\n<p>P\u00ebrgjigja e Vedat Muriqit thuhet t\u00eb ket\u00eb qen\u00eb pozitive: \u201cDo t\u00eb ishte k\u00ebnaq\u00ebsi e madhe t\u00eb punoja me ju. Ju duhet t\u00eb merreni vesh me klubi. Do t\u00eb pranoja me k\u00ebnaq\u00ebsi t\u00eb luaja n\u00eb Angli\u201d.<\/p>\n","protected":false},"excerpt":{"rendered":"<p>Slaven Bilic, trajneri i West Bromwich, q\u00eb luan n\u00eb Championship, ka telefonuar yllin e Fenerbah\u00e7es, Vedat Muriqin, p\u00ebr nj\u00eb transferim t\u00eb mundsh\u00ebm n\u00eb Angli. WBA jan\u00eb n\u00eb vendin e dyt\u00eb me 77 pik\u00eb, me pes\u00eb pik\u00eb m\u00eb shum\u00eb se ndjek\u00ebsi m\u00eb i af\u00ebrt dhe me shum\u00eb mund\u00ebsi do t\u00eb inkuadrohet n\u00eb Lig\u00ebn Premier. Mediat turke [&hellip;]<\/p>\n","protected":false},"author":1,"featured_media":59396,"comment_status":"open","ping_status":"open","sticky":false,"template":"","format":"standard","meta":{"footnotes":""},"categories":[7],"tags":[917,3256,5402,5620],"class_list":["post-59395","post","type-post","status-publish","format-standard","has-post-thumbnail","hentry","category-sport","tag-premier-league","tag-superlig","tag-vedat-muriqi","tag-west-bromwich-albion"],"_links":{"self":[{"href":"https:\/\/prizrenpost.com\/al\/wp-json\/wp\/v2\/posts\/59395","targetHints":{"allow":["GET"]}}],"collection":[{"href":"https:\/\/prizrenpost.com\/al\/wp-json\/wp\/v2\/posts"}],"about":[{"href":"https:\/\/prizrenpost.com\/al\/wp-json\/wp\/v2\/types\/post"}],"author":[{"embeddable":true,"href":"https:\/\/prizrenpost.com\/al\/wp-json\/wp\/v2\/users\/1"}],"replies":[{"embeddable":true,"href":"https:\/\/prizrenpost.com\/al\/wp-json\/wp\/v2\/comments?post=59395"}],"version-history":[{"count":1,"href":"https:\/\/prizrenpost.com\/al\/wp-json\/wp\/v2\/posts\/59395\/revisions"}],"predecessor-version":[{"id":59397,"href":"https:\/\/prizrenpost.com\/al\/wp-json\/wp\/v2\/posts\/59395\/revisions\/59397"}],"wp:featuredmedia":[{"embeddable":true,"href":"https:\/\/prizrenpost.com\/al\/wp-json\/wp\/v2\/media\/59396"}],"wp:attachment":[{"href":"https:\/\/prizrenpost.com\/al\/wp-json\/wp\/v2\/media?parent=59395"}],"wp:term":[{"taxonomy":"category","embeddable":true,"href":"https:\/\/prizrenpost.com\/al\/wp-json\/wp\/v2\/categories?post=59395"},{"taxonomy":"post_tag","embeddable":true,"href":"https:\/\/prizrenpost.com\/al\/wp-json\/wp\/v2\/tags?post=59395"}],"curies":[{"name":"wp","href":"https:\/\/api.w.org\/{rel}","templated":true}]}}