{"id":594,"date":"2013-06-20T19:48:05","date_gmt":"2013-06-20T17:48:05","guid":{"rendered":"http:\/\/prizrenpost.com\/al\/?p=594"},"modified":"2020-05-08T01:43:04","modified_gmt":"2020-05-07T23:43:04","slug":"kanadaja-e-interesuar-per-sektorin-e-minierave-ne-kosove","status":"publish","type":"post","link":"https:\/\/prizrenpost.com\/al\/kanadaja-e-interesuar-per-sektorin-e-minierave-ne-kosove\/","title":{"rendered":"Kanadaja e interesuar p\u00ebr sektorin e minierave n\u00eb Kosov\u00eb"},"content":{"rendered":"<p><img decoding=\"async\" src=\"https:\/\/prizrenpost.com\/al\/wp-content\/uploads\/2013\/06\/Xeheror.jpg\" alt=\"\" width=\"100%\" height=\"\" class=\"alignleft size-full wp-image-58159\" srcset=\"https:\/\/prizrenpost.com\/al\/wp-content\/uploads\/2013\/06\/Xeheror.jpg 500w, https:\/\/prizrenpost.com\/al\/wp-content\/uploads\/2013\/06\/Xeheror-300x225.jpg 300w\" sizes=\"(max-width: 500px) 100vw, 500px\" \/><\/p>\n<p><strong>Z\u00ebvend\u00ebskryeministrja dhe ministrja e Tregtis\u00eb dhe Industris\u00eb, Mimoza Kusari \u2013 Lila priti sot ambasadoren jorezidente t\u00eb Kanadas\u00eb n\u00eb Kosov\u00eb, Louise LaRocque, m\u00eb t\u00eb cil\u00ebn diskutoi p\u00ebr mund\u00ebsit\u00eb e investimeve n\u00eb Kosov\u00eb, me theks t\u00eb ve\u00e7ant\u00eb n\u00eb sektorin e minierave.<\/strong><\/p>\n<p>Pasi e informoi mysafiren p\u00ebr mund\u00ebsit\u00eb e t\u00eb b\u00ebrit biznes n\u00eb vendin ton\u00eb, Kusari-Lila e k\u00ebrkoi mbajtjen e nj\u00eb forumi ekonomik n\u00eb Kosov\u00eb me biznese nga Kanadaja, ku bizneset kanadeze do t\u00eb njoftoheshin p\u00ebr s\u00eb af\u00ebrmi me t\u00eb gjitha mund\u00ebsit\u00eb q\u00eb ofron Kosova. Shtes\u00eb k\u00ebsaj, nisur nga fakti se Kanadaja \u00ebsht\u00eb e njohur p\u00ebr ekspertiz\u00ebn n\u00eb sektorin e minierave, z\u00ebvend\u00ebskryeministrja tha se do t\u00eb ishte e nevojshme ndarja e eksperienc\u00ebs n\u00eb k\u00ebt\u00eb fush\u00eb, qoft\u00eb n\u00eb form\u00eb t\u00eb trajnimeve apo konferencave.<\/p>\n<p>Aambasadorja kanadeze tha se vendi i saj vazhdon t\u00eb mb\u00ebshtes\u00eb Kosov\u00ebn dhe se menj\u00ebher\u00eb do t\u00eb shqyrtoj\u00eb mund\u00ebsit\u00eb e n\u00ebnshkrimit t\u00eb dy marr\u00ebveshjeve t\u00eb p\u00ebrmendura nga ministrja.  <\/p>\n<p>Ambasadoren jorezidcente n\u00eb Kosov\u00eb, e cila ka ardhur nga Zagrebi, u takua sot edhe me ministrin e Financave Besim Beqaj,i cili e fal\u00ebnderoi at\u00eb p\u00ebr mb\u00ebshtetjen dhe p\u00ebrkrahjen e qeveris\u00eb kanadeze n\u00eb t\u00eb gjitha fazat e zhvillimit t\u00eb shtetit t\u00eb Kosov\u00ebs.<\/p>\n","protected":false},"excerpt":{"rendered":"<p>Z\u00ebvend\u00ebskryeministrja dhe ministrja e Tregtis\u00eb dhe Industris\u00eb, Mimoza Kusari \u2013 Lila priti sot ambasadoren jorezidente t\u00eb Kanadas\u00eb n\u00eb Kosov\u00eb, Louise LaRocque, m\u00eb t\u00eb cil\u00ebn diskutoi p\u00ebr mund\u00ebsit\u00eb e investimeve n\u00eb Kosov\u00eb, me theks t\u00eb ve\u00e7ant\u00eb n\u00eb sektorin e minierave. Pasi e informoi mysafiren p\u00ebr mund\u00ebsit\u00eb e t\u00eb b\u00ebrit biznes n\u00eb vendin ton\u00eb, Kusari-Lila e k\u00ebrkoi [&hellip;]<\/p>\n","protected":false},"author":1,"featured_media":58159,"comment_status":"open","ping_status":"open","sticky":false,"template":"","format":"standard","meta":{"footnotes":""},"categories":[25],"tags":[2179,287,5059],"class_list":["post-594","post","type-post","status-publish","format-standard","has-post-thumbnail","hentry","category-ekonomi","tag-kanada","tag-kosova","tag-minierat"],"_links":{"self":[{"href":"https:\/\/prizrenpost.com\/al\/wp-json\/wp\/v2\/posts\/594","targetHints":{"allow":["GET"]}}],"collection":[{"href":"https:\/\/prizrenpost.com\/al\/wp-json\/wp\/v2\/posts"}],"about":[{"href":"https:\/\/prizrenpost.com\/al\/wp-json\/wp\/v2\/types\/post"}],"author":[{"embeddable":true,"href":"https:\/\/prizrenpost.com\/al\/wp-json\/wp\/v2\/users\/1"}],"replies":[{"embeddable":true,"href":"https:\/\/prizrenpost.com\/al\/wp-json\/wp\/v2\/comments?post=594"}],"version-history":[{"count":1,"href":"https:\/\/prizrenpost.com\/al\/wp-json\/wp\/v2\/posts\/594\/revisions"}],"predecessor-version":[{"id":58160,"href":"https:\/\/prizrenpost.com\/al\/wp-json\/wp\/v2\/posts\/594\/revisions\/58160"}],"wp:featuredmedia":[{"embeddable":true,"href":"https:\/\/prizrenpost.com\/al\/wp-json\/wp\/v2\/media\/58159"}],"wp:attachment":[{"href":"https:\/\/prizrenpost.com\/al\/wp-json\/wp\/v2\/media?parent=594"}],"wp:term":[{"taxonomy":"category","embeddable":true,"href":"https:\/\/prizrenpost.com\/al\/wp-json\/wp\/v2\/categories?post=594"},{"taxonomy":"post_tag","embeddable":true,"href":"https:\/\/prizrenpost.com\/al\/wp-json\/wp\/v2\/tags?post=594"}],"curies":[{"name":"wp","href":"https:\/\/api.w.org\/{rel}","templated":true}]}}