{"id":59475,"date":"2020-08-25T17:27:24","date_gmt":"2020-08-25T15:27:24","guid":{"rendered":"https:\/\/prizrenpost.com\/al\/?p=59475"},"modified":"2021-06-25T16:16:34","modified_gmt":"2021-06-25T14:16:34","slug":"fillojne-punimet-ne-ndertimin-e-parkut-te-ri-ne-prizren","status":"publish","type":"post","link":"https:\/\/prizrenpost.com\/al\/fillojne-punimet-ne-ndertimin-e-parkut-te-ri-ne-prizren\/","title":{"rendered":"Fillojn\u00eb punimet n\u00eb nd\u00ebrtimin e parkut t\u00eb ri n\u00eb Prizren"},"content":{"rendered":"<p><img decoding=\"async\" src=\"https:\/\/prizrenpost.com\/al\/wp-content\/uploads\/2020\/08\/parku.jpg\" alt=\"\" width=\"100%\" height=\"\" class=\"alignleft size-full wp-image-59476\" srcset=\"https:\/\/prizrenpost.com\/al\/wp-content\/uploads\/2020\/08\/parku.jpg 1300w, https:\/\/prizrenpost.com\/al\/wp-content\/uploads\/2020\/08\/parku-300x200.jpg 300w, https:\/\/prizrenpost.com\/al\/wp-content\/uploads\/2020\/08\/parku-1024x682.jpg 1024w, https:\/\/prizrenpost.com\/al\/wp-content\/uploads\/2020\/08\/parku-768x512.jpg 768w\" sizes=\"(max-width: 1300px) 100vw, 1300px\" \/><\/p>\n<p><strong>PRIZREN &#8211; Sot kan\u00eb filluar punimet p\u00ebr nd\u00ebrtimin e parkut t\u00eb ri n\u00eb lagjen Lakuriq n\u00eb Prizren. N\u00eb k\u00ebt\u00eb ceremoni, lidhur me projektin kan\u00eb folur kryetari i Komun\u00ebs s\u00eb Prizrenit z.Mytaher Haskuka, drejtor i DSHP z. Osman Krasniqi dhe drejtori ekzekutiv i organizat\u00ebs EC Ma Ndryshe z.Valon Xhabali.<\/strong><\/p>\n<p>Projekti i parkut Lakuriq \u00ebsht\u00eb hartuar nga EC Ma Ndryshe dhe bashk\u00ebfinacohet nga Komuna e Prizrenit dhe EC Ma Ndryshe, gjegj\u00ebsisht UN-HABITAT. N\u00eb kuad\u00ebr t\u00eb parkut parashihet nd\u00ebrtimi i fush\u00ebs s\u00eb basketbollit dhe futbollit t\u00eb vog\u00ebl, shtigje p\u00ebr ecje, loj\u00ebra p\u00ebr f\u00ebmij\u00eb, ul\u00ebse t\u00eb formave t\u00eb ndryshme, rregullim t\u00eb peizazhit (p\u00ebrfshi mbjelljen e drunj\u00ebve dhe mbjelljen e barit), ndri\u00e7im publik dhe shtylla anti-parking rreth e p\u00ebrqark parkut.<\/p>\n<p>Ky projekt \u00ebsht\u00eb nj\u00ebri prej rezultateve q\u00eb rrjedh nga procesi i gjat\u00eb gjith\u00ebp\u00ebrfshir\u00ebs q\u00eb ka filluar vitin e kaluar. Projekti ka p\u00ebrfshir\u00eb hartimin dhe dizajnin e 6 hap\u00ebsirave publike n\u00eb lagjet Lakuriq, Bazhdarhane, Dardania dhe Ortakoll ku \u00ebsht\u00eb aplikuar metodologjia e EC-it p\u00ebr planifikim urban me pjes\u00ebmarrje (hartim nga ana e komunitetit) bashk\u00eb me metodologjin\u00eb nd\u00ebrkomb\u00ebtarisht t\u00eb njohur MineCraft\/Bllok pas Blloku. Gjat\u00eb procesit jan\u00eb ftuar t\u00eb gjith\u00eb banor\u00ebt e lagjeve p\u00ebrkat\u00ebse dhe jan\u00eb mbajtur takime, konsultime, pun\u00ebtori e prezantime ku bashk\u00ebrisht jan\u00eb identifikuar problemet n\u00eb hap\u00ebsirat publike t\u00eb p\u00ebrzgjedhura e m\u00eb pas jan\u00eb ofruar zgjidhje dhe dizajn urban p\u00ebr nd\u00ebrtim dhe p\u00ebrmir\u00ebsim t\u00eb k\u00ebtyre hap\u00ebsirave.<\/p>\n<p>Projekti pos gjithp\u00ebrfshirjes ka p\u00ebrfunduar edhe dizajnin dhe planin zbatues detaj p\u00ebr t\u00eb gjithat hap\u00ebsirat e lartp\u00ebrmendura dhe \u00ebsht\u00eb marr\u00eb p\u00eblqimi edhe nga banor\u00ebt e lagjes rreth investimeve n\u00eb k\u00ebto hap\u00ebsira. Pas dakordimit t\u00eb p\u00ebrbashk\u00ebt mes dy pal\u00ebve zbatuese t\u00eb projektit, EC Ma Ndryshe do t\u00eb investoj\u00eb n\u00eb hap\u00ebsirat e identifikuara n\u00eb lagjen Lakuriq p\u00ebrderisa Komuna e Prizrenit \u00ebsht\u00eb zotuar se do t\u00eb investoj\u00eb n\u00eb hap\u00ebsirat e identifikuara n\u00eb lagjen Dardania, Bazhdarhane dhe Ortakoll.<\/p>\n<p>Ky projekt \u00ebsht\u00eb pjes\u00eb e projektit \u201cHAP\u00cbSIRAT re-PUBLIKE (rePUBLIC SPACES)\u201d objektivi i p\u00ebrgjithsh\u00ebm i s\u00eb cilit \u00ebsht\u00eb promovimi i hap\u00ebsirave publike t\u00eb sigurta, gjith\u00ebp\u00ebrfshir\u00ebse dhe t\u00eb qasshme n\u00eb Prizren n\u00ebp\u00ebrmjet dialogut t\u00eb politikave, projekteve t\u00eb hartuara dhe t\u00eb demonstruara nga komuniteti, t\u00eb cilat synojn\u00eb p\u00ebrmir\u00ebsimin e jetes\u00ebs s\u00eb banor\u00ebve dhe komuniteteve t\u00eb pa favorizuara.<\/p>\n","protected":false},"excerpt":{"rendered":"<p>PRIZREN &#8211; Sot kan\u00eb filluar punimet p\u00ebr nd\u00ebrtimin e parkut t\u00eb ri n\u00eb lagjen Lakuriq n\u00eb Prizren. N\u00eb k\u00ebt\u00eb ceremoni, lidhur me projektin kan\u00eb folur kryetari i Komun\u00ebs s\u00eb Prizrenit z.Mytaher Haskuka, drejtor i DSHP z. Osman Krasniqi dhe drejtori ekzekutiv i organizat\u00ebs EC Ma Ndryshe z.Valon Xhabali. Projekti i parkut Lakuriq \u00ebsht\u00eb hartuar nga [&hellip;]<\/p>\n","protected":false},"author":1,"featured_media":59476,"comment_status":"open","ping_status":"open","sticky":false,"template":"","format":"standard","meta":{"footnotes":""},"categories":[22],"tags":[3803,2097,4116,41],"class_list":["post-59475","post","type-post","status-publish","format-standard","has-post-thumbnail","hentry","category-prizren","tag-aktuale","tag-ec-ma-ndryshe","tag-mytaher-haskuka","tag-prizren"],"_links":{"self":[{"href":"https:\/\/prizrenpost.com\/al\/wp-json\/wp\/v2\/posts\/59475","targetHints":{"allow":["GET"]}}],"collection":[{"href":"https:\/\/prizrenpost.com\/al\/wp-json\/wp\/v2\/posts"}],"about":[{"href":"https:\/\/prizrenpost.com\/al\/wp-json\/wp\/v2\/types\/post"}],"author":[{"embeddable":true,"href":"https:\/\/prizrenpost.com\/al\/wp-json\/wp\/v2\/users\/1"}],"replies":[{"embeddable":true,"href":"https:\/\/prizrenpost.com\/al\/wp-json\/wp\/v2\/comments?post=59475"}],"version-history":[{"count":1,"href":"https:\/\/prizrenpost.com\/al\/wp-json\/wp\/v2\/posts\/59475\/revisions"}],"predecessor-version":[{"id":59477,"href":"https:\/\/prizrenpost.com\/al\/wp-json\/wp\/v2\/posts\/59475\/revisions\/59477"}],"wp:featuredmedia":[{"embeddable":true,"href":"https:\/\/prizrenpost.com\/al\/wp-json\/wp\/v2\/media\/59476"}],"wp:attachment":[{"href":"https:\/\/prizrenpost.com\/al\/wp-json\/wp\/v2\/media?parent=59475"}],"wp:term":[{"taxonomy":"category","embeddable":true,"href":"https:\/\/prizrenpost.com\/al\/wp-json\/wp\/v2\/categories?post=59475"},{"taxonomy":"post_tag","embeddable":true,"href":"https:\/\/prizrenpost.com\/al\/wp-json\/wp\/v2\/tags?post=59475"}],"curies":[{"name":"wp","href":"https:\/\/api.w.org\/{rel}","templated":true}]}}