{"id":60956,"date":"2020-09-30T21:00:02","date_gmt":"2020-09-30T19:00:02","guid":{"rendered":"https:\/\/prizrenpost.com\/al\/?p=60956"},"modified":"2021-06-25T16:16:33","modified_gmt":"2021-06-25T14:16:33","slug":"kushti-i-radhes-per-vazhdimin-e-dialogut-kosove-serbi","status":"publish","type":"post","link":"https:\/\/prizrenpost.com\/al\/kushti-i-radhes-per-vazhdimin-e-dialogut-kosove-serbi\/","title":{"rendered":"\u201cKushti\u201d i radh\u00ebs p\u00ebr vazhdimin e dialogut Kosov\u00eb-Serbi"},"content":{"rendered":"<p><img decoding=\"async\" src=\"https:\/\/prizrenpost.com\/al\/wp-content\/uploads\/2020\/09\/hoti-vucic.jpg\" alt=\"\" width=\"100%\" height=\"\" class=\"alignleft size-full wp-image-60951\" srcset=\"https:\/\/prizrenpost.com\/al\/wp-content\/uploads\/2020\/09\/hoti-vucic.jpg 780w, https:\/\/prizrenpost.com\/al\/wp-content\/uploads\/2020\/09\/hoti-vucic-600x338.jpg 600w, https:\/\/prizrenpost.com\/al\/wp-content\/uploads\/2020\/09\/hoti-vucic-300x169.jpg 300w, https:\/\/prizrenpost.com\/al\/wp-content\/uploads\/2020\/09\/hoti-vucic-768x432.jpg 768w\" sizes=\"(max-width: 780px) 100vw, 780px\" \/><\/p>\n<p><strong>BRUKSEL &#8211; Vazhdimi i procesit t\u00eb dialogut nd\u00ebrmjet Kosov\u00ebs dhe Serbis\u00eb mund t\u00eb prolongohet p\u00ebr shkak t\u00eb q\u00ebndrimeve t\u00eb kund\u00ebrta t\u00eb Kosov\u00ebs dhe Serbis\u00eb, rreth formimit t\u00eb Asociacionit t\u00eb komunave me shumic\u00eb serbe, vler\u00ebsojn\u00eb nga Instituti Demokratik i Kosov\u00ebs dhe nga Platforma CiviKos.<\/strong><\/p>\n<p>Formimi i Asociacionit t\u00eb komunave me shumic\u00eb serbe n\u00eb Kosov\u00eb \u00ebsht\u00eb parapar\u00eb me Marr\u00ebveshjen e Brukselit t\u00eb vitit 2013, t\u00eb arritur n\u00eb dialogun Kosov\u00eb-Serbi. N\u00eb vitin 2015, dy vendet, n\u00ebn nd\u00ebrmjet\u00ebsimin e Bashkimit Evropian, kan\u00eb arritur edhe nj\u00eb marr\u00ebveshje shtes\u00eb p\u00ebr themelimin e k\u00ebtij Asociacioni. Por, Gjykata Kushtetuese e Kosov\u00ebs ka konstatuar se parimet p\u00ebr t\u00eb nuk jan\u00eb n\u00eb p\u00ebrputhje me Kushtetut\u00ebn e Kosov\u00ebs, edhe pse ka th\u00ebn\u00eb se ato mund t\u00eb harmonizohen me nj\u00eb akt ligjor t\u00eb Qeveris\u00eb s\u00eb Kosov\u00ebs.<\/p>\n<p>Derisa Kosova thot\u00eb se \u00e7\u00ebshtja e Asociacionit \u00ebsht\u00eb \u00e7\u00ebshtje e mbyllur, edhe pse ende nuk \u00ebsht\u00eb formuar, Serbia insiston q\u00eb p\u00ebr k\u00ebt\u00eb \u00e7\u00ebshtje duhet t\u00eb diskutohet s\u00ebrish. Madje, n\u00eb takimin e fundit t\u00eb Kosov\u00ebs dhe Serbis\u00eb n\u00eb nivel ekspert\u00ebsh n\u00eb Bruksel, Beogradi e kusht\u00ebzoi vazhdimin e dialogut me k\u00ebt\u00eb \u00e7\u00ebshtje. Edhe BE-ja k\u00ebmb\u00ebngul\u00eb q\u00eb Asociacioni duhet t\u00eb jet\u00eb pjes\u00eb e marr\u00ebveshjes finale, gjith\u00ebp\u00ebrfshir\u00ebse.<\/p>\n<p>T\u00eb m\u00ebrkur\u00ebn, Bashkimi Evropian ka sqaruar se q\u00ebndrimi i saj mbetet se t\u00eb gjitha marr\u00ebveshjet e arritura n\u00eb dialogun mes Kosov\u00ebs dhe Serbis\u00eb duhet t\u00eb zbatohet dhe se n\u00eb zbatimin e Marr\u00ebveshjes p\u00ebr krijimin e Asociacionit t\u00eb komunave me shumic\u00eb serbe duhet t\u00eb merret parasysh edhe mendimi i Gjykat\u00ebs Kushtetuese t\u00eb Kosov\u00ebs.<\/p>\n","protected":false},"excerpt":{"rendered":"<p>BRUKSEL &#8211; Vazhdimi i procesit t\u00eb dialogut nd\u00ebrmjet Kosov\u00ebs dhe Serbis\u00eb mund t\u00eb prolongohet p\u00ebr shkak t\u00eb q\u00ebndrimeve t\u00eb kund\u00ebrta t\u00eb Kosov\u00ebs dhe Serbis\u00eb, rreth formimit t\u00eb Asociacionit t\u00eb komunave me shumic\u00eb serbe, vler\u00ebsojn\u00eb nga Instituti Demokratik i Kosov\u00ebs dhe nga Platforma CiviKos. Formimi i Asociacionit t\u00eb komunave me shumic\u00eb serbe n\u00eb Kosov\u00eb \u00ebsht\u00eb parapar\u00eb [&hellip;]<\/p>\n","protected":false},"author":1,"featured_media":60951,"comment_status":"open","ping_status":"open","sticky":false,"template":"","format":"standard","meta":{"footnotes":""},"categories":[1],"tags":[3803,1686,287,799],"class_list":["post-60956","post","type-post","status-publish","format-standard","has-post-thumbnail","hentry","category-lajme","tag-aktuale","tag-dialogu","tag-kosova","tag-serbia"],"_links":{"self":[{"href":"https:\/\/prizrenpost.com\/al\/wp-json\/wp\/v2\/posts\/60956","targetHints":{"allow":["GET"]}}],"collection":[{"href":"https:\/\/prizrenpost.com\/al\/wp-json\/wp\/v2\/posts"}],"about":[{"href":"https:\/\/prizrenpost.com\/al\/wp-json\/wp\/v2\/types\/post"}],"author":[{"embeddable":true,"href":"https:\/\/prizrenpost.com\/al\/wp-json\/wp\/v2\/users\/1"}],"replies":[{"embeddable":true,"href":"https:\/\/prizrenpost.com\/al\/wp-json\/wp\/v2\/comments?post=60956"}],"version-history":[{"count":1,"href":"https:\/\/prizrenpost.com\/al\/wp-json\/wp\/v2\/posts\/60956\/revisions"}],"predecessor-version":[{"id":60957,"href":"https:\/\/prizrenpost.com\/al\/wp-json\/wp\/v2\/posts\/60956\/revisions\/60957"}],"wp:featuredmedia":[{"embeddable":true,"href":"https:\/\/prizrenpost.com\/al\/wp-json\/wp\/v2\/media\/60951"}],"wp:attachment":[{"href":"https:\/\/prizrenpost.com\/al\/wp-json\/wp\/v2\/media?parent=60956"}],"wp:term":[{"taxonomy":"category","embeddable":true,"href":"https:\/\/prizrenpost.com\/al\/wp-json\/wp\/v2\/categories?post=60956"},{"taxonomy":"post_tag","embeddable":true,"href":"https:\/\/prizrenpost.com\/al\/wp-json\/wp\/v2\/tags?post=60956"}],"curies":[{"name":"wp","href":"https:\/\/api.w.org\/{rel}","templated":true}]}}