{"id":61101,"date":"2020-11-16T12:55:36","date_gmt":"2020-11-16T11:55:36","guid":{"rendered":"https:\/\/prizrenpost.com\/al\/?p=61101"},"modified":"2021-06-25T16:16:31","modified_gmt":"2021-06-25T14:16:31","slug":"be-ja-do-te-jete-e-plote-vetem-kur-te-gjitha-vendet-e-ballkanit-ti-bashkohen-asaj","status":"publish","type":"post","link":"https:\/\/prizrenpost.com\/al\/be-ja-do-te-jete-e-plote-vetem-kur-te-gjitha-vendet-e-ballkanit-ti-bashkohen-asaj\/","title":{"rendered":"BE-ja do t\u00eb jet\u00eb e plot\u00eb vet\u00ebm kur t\u00eb gjitha vendet e Ballkanit t\u2019i bashkohen asaj"},"content":{"rendered":"<p><img decoding=\"async\" src=\"https:\/\/prizrenpost.com\/al\/wp-content\/uploads\/2020\/11\/kurz.jpg\" alt=\"\" width=\"100%\" height=\"\" class=\"aligncenter size-full wp-image-61102\" srcset=\"https:\/\/prizrenpost.com\/al\/wp-content\/uploads\/2020\/11\/kurz.jpg 780w, https:\/\/prizrenpost.com\/al\/wp-content\/uploads\/2020\/11\/kurz-300x169.jpg 300w, https:\/\/prizrenpost.com\/al\/wp-content\/uploads\/2020\/11\/kurz-768x432.jpg 768w, https:\/\/prizrenpost.com\/al\/wp-content\/uploads\/2020\/11\/kurz-600x338.jpg 600w\" sizes=\"(max-width: 780px) 100vw, 780px\" \/><\/p>\n<p><strong>VJEN\u00cb &#8211; Kancelari austriak Sebastian Kurz njofton se ka zhvilluar nj\u00eb takim me kryeministrin shqiptar Edi Rama.<\/strong><\/p>\n<p>Kurz b\u00ebn me dije se ata me an\u00eb t\u00eb nj\u00eb takimi online, kan\u00eb biseduar mbi luft\u00ebn e p\u00ebrbashk\u00ebt kund\u00ebr terrorizmit dhe ekstremizmit, pandemin\u00eb COVID-19 dhe p\u00ebr procesin e negociatave p\u00ebr antar\u00ebsim t\u00eb Shqip\u00ebris\u00eb me Bashkimin Evropian.<\/p>\n<p>\u201cSapo zhvillova nj\u00eb videokonferenc\u00eb t\u00eb mir\u00eb me kryeministrin e Shqip\u00ebris\u00eb dhe kryetarin e p\u00ebrgjithsh\u00ebm t\u00eb OSCE, Edi Rama, mbi luft\u00ebn e p\u00ebrbashk\u00ebt kund\u00ebr terrorizmit dhe ekstremizmit, pandemin\u00eb COVID-19 dhe mb\u00ebshtetjen ton\u00eb p\u00ebr procesin e pranimit t\u00eb Shqip\u00ebris\u00eb n\u00eb BE\u201d, ka shkruar Kurz n\u00eb Twitter.<\/p>\n<p>Po ashtu, ai ka th\u00ebn\u00eb se, \u201cBE-ja do t\u00eb jet\u00eb e plot\u00eb vet\u00ebm kur t\u00eb gjitha vendet e Ballkanit Per\u00ebndimor t\u2019i bashkohen asaj\u201d.<\/p>\n","protected":false},"excerpt":{"rendered":"<p>VJEN\u00cb &#8211; Kancelari austriak Sebastian Kurz njofton se ka zhvilluar nj\u00eb takim me kryeministrin shqiptar Edi Rama. Kurz b\u00ebn me dije se ata me an\u00eb t\u00eb nj\u00eb takimi online, kan\u00eb biseduar mbi luft\u00ebn e p\u00ebrbashk\u00ebt kund\u00ebr terrorizmit dhe ekstremizmit, pandemin\u00eb COVID-19 dhe p\u00ebr procesin e negociatave p\u00ebr antar\u00ebsim t\u00eb Shqip\u00ebris\u00eb me Bashkimin Evropian. \u201cSapo zhvillova [&hellip;]<\/p>\n","protected":false},"author":1,"featured_media":61102,"comment_status":"open","ping_status":"open","sticky":false,"template":"","format":"standard","meta":{"footnotes":""},"categories":[1],"tags":[3803,1178,895,1057,369,4258],"class_list":["post-61101","post","type-post","status-publish","format-standard","has-post-thumbnail","hentry","category-lajme","tag-aktuale","tag-austria","tag-ballkani","tag-bashkimi-europian","tag-edi-rama","tag-sebastian-kurz"],"_links":{"self":[{"href":"https:\/\/prizrenpost.com\/al\/wp-json\/wp\/v2\/posts\/61101","targetHints":{"allow":["GET"]}}],"collection":[{"href":"https:\/\/prizrenpost.com\/al\/wp-json\/wp\/v2\/posts"}],"about":[{"href":"https:\/\/prizrenpost.com\/al\/wp-json\/wp\/v2\/types\/post"}],"author":[{"embeddable":true,"href":"https:\/\/prizrenpost.com\/al\/wp-json\/wp\/v2\/users\/1"}],"replies":[{"embeddable":true,"href":"https:\/\/prizrenpost.com\/al\/wp-json\/wp\/v2\/comments?post=61101"}],"version-history":[{"count":1,"href":"https:\/\/prizrenpost.com\/al\/wp-json\/wp\/v2\/posts\/61101\/revisions"}],"predecessor-version":[{"id":61103,"href":"https:\/\/prizrenpost.com\/al\/wp-json\/wp\/v2\/posts\/61101\/revisions\/61103"}],"wp:featuredmedia":[{"embeddable":true,"href":"https:\/\/prizrenpost.com\/al\/wp-json\/wp\/v2\/media\/61102"}],"wp:attachment":[{"href":"https:\/\/prizrenpost.com\/al\/wp-json\/wp\/v2\/media?parent=61101"}],"wp:term":[{"taxonomy":"category","embeddable":true,"href":"https:\/\/prizrenpost.com\/al\/wp-json\/wp\/v2\/categories?post=61101"},{"taxonomy":"post_tag","embeddable":true,"href":"https:\/\/prizrenpost.com\/al\/wp-json\/wp\/v2\/tags?post=61101"}],"curies":[{"name":"wp","href":"https:\/\/api.w.org\/{rel}","templated":true}]}}