{"id":61175,"date":"2020-11-25T08:55:42","date_gmt":"2020-11-25T07:55:42","guid":{"rendered":"https:\/\/prizrenpost.com\/al\/?p=61175"},"modified":"2021-06-25T16:58:21","modified_gmt":"2021-06-25T14:58:21","slug":"tentimi-i-radhes-per-kalimin-e-projektligjit-per-rimekembje","status":"publish","type":"post","link":"https:\/\/prizrenpost.com\/al\/tentimi-i-radhes-per-kalimin-e-projektligjit-per-rimekembje\/","title":{"rendered":"Tentimi i radh\u00ebs p\u00ebr kalimin e Projektligjit p\u00ebr Rim\u00ebk\u00ebmbje"},"content":{"rendered":"<p><img decoding=\"async\" src=\"https:\/\/prizrenpost.com\/al\/wp-content\/uploads\/2013\/11\/kuvendi.jpg\" alt=\"\" width=\"100%\" height=\"\" class=\"alignleft size-full wp-image-60090\" srcset=\"https:\/\/prizrenpost.com\/al\/wp-content\/uploads\/2013\/11\/kuvendi.jpg 629w, https:\/\/prizrenpost.com\/al\/wp-content\/uploads\/2013\/11\/kuvendi-600x350.jpg 600w, https:\/\/prizrenpost.com\/al\/wp-content\/uploads\/2013\/11\/kuvendi-300x175.jpg 300w\" sizes=\"(max-width: 629px) 100vw, 629px\" \/><\/p>\n<p><strong>PRISHTIN\u00cb &#8211; Komisioni p\u00ebr Buxhet dhe Transfere sot pritet t\u00eb votoj raportin me rekomandimet p\u00ebr Projektligjin p\u00ebr Rim\u00ebk\u00ebmbjen Ekonomike nga pandemia COVID-19.<\/strong><\/p>\n<p>Po ashtu, ky Komision do t\u00eb shqyrtoj Projektligjin mbi ndarjet buxhetore p\u00ebr vitin 2021.<\/p>\n<p>N\u00eb fillim t\u00eb muajit n\u00ebntor, kishte d\u00ebshtuar t\u00eb mbahet seanca e jasht\u00ebzakonshme e Kuvendit, ku ishte parapar\u00eb t\u00eb hidhet n\u00eb votim p\u00ebr lexim t\u00eb dyt\u00eb ky Projektligj. Seanca kishte d\u00ebshtuar n\u00eb munges\u00eb t\u00eb kuorumit.<\/p>\n<p>Ndryshe, m\u00eb 12 tetor, pas gjasht\u00eb d\u00ebshtimeve, Kuvendi i Kosov\u00ebs me 64 vota p\u00ebr, asnj\u00eb kund\u00ebr dhe asnj\u00eb abstenim, kishte votuar n\u00eb lexim t\u00eb par\u00eb k\u00ebt\u00eb Projektligj.<\/p>\n<p>N\u00ebse Projektligji siguron votat e nevojshme edhe n\u00eb lexim t\u00eb dyt\u00eb, kryetarja e Kuvendit e n\u00ebnshkruan dhe e d\u00ebrgon tek Presidenti p\u00ebr shpallje. Nd\u00ebrkaq, Presidenti ka afat tet\u00eb dit\u00eb p\u00ebr ta shpallur ose p\u00ebr ta kthyer at\u00eb p\u00ebr rishqyrtim n\u00eb Kuvend.<\/p>\n<p>Me an\u00eb t\u00eb k\u00ebtij Projektligji parashihet zbatimin e Pakos s\u00eb Rim\u00ebk\u00ebmbjes Ekonomike n\u00eb vler\u00eb prej 365 milion\u00eb euro.<\/p>\n","protected":false},"excerpt":{"rendered":"<p>PRISHTIN\u00cb &#8211; Komisioni p\u00ebr Buxhet dhe Transfere sot pritet t\u00eb votoj raportin me rekomandimet p\u00ebr Projektligjin p\u00ebr Rim\u00ebk\u00ebmbjen Ekonomike nga pandemia COVID-19. Po ashtu, ky Komision do t\u00eb shqyrtoj Projektligjin mbi ndarjet buxhetore p\u00ebr vitin 2021. N\u00eb fillim t\u00eb muajit n\u00ebntor, kishte d\u00ebshtuar t\u00eb mbahet seanca e jasht\u00ebzakonshme e Kuvendit, ku ishte parapar\u00eb t\u00eb hidhet [&hellip;]<\/p>\n","protected":false},"author":1,"featured_media":60090,"comment_status":"open","ping_status":"open","sticky":false,"template":"","format":"standard","meta":{"footnotes":""},"categories":[1],"tags":[3803,5558,5583,2368,5611,5765],"class_list":["post-61175","post","type-post","status-publish","format-standard","has-post-thumbnail","hentry","category-lajme","tag-aktuale","tag-coronavirus","tag-covid19","tag-kuvendi","tag-qeveria-hoti","tag-rimekembja-ekonomike"],"_links":{"self":[{"href":"https:\/\/prizrenpost.com\/al\/wp-json\/wp\/v2\/posts\/61175","targetHints":{"allow":["GET"]}}],"collection":[{"href":"https:\/\/prizrenpost.com\/al\/wp-json\/wp\/v2\/posts"}],"about":[{"href":"https:\/\/prizrenpost.com\/al\/wp-json\/wp\/v2\/types\/post"}],"author":[{"embeddable":true,"href":"https:\/\/prizrenpost.com\/al\/wp-json\/wp\/v2\/users\/1"}],"replies":[{"embeddable":true,"href":"https:\/\/prizrenpost.com\/al\/wp-json\/wp\/v2\/comments?post=61175"}],"version-history":[{"count":1,"href":"https:\/\/prizrenpost.com\/al\/wp-json\/wp\/v2\/posts\/61175\/revisions"}],"predecessor-version":[{"id":61176,"href":"https:\/\/prizrenpost.com\/al\/wp-json\/wp\/v2\/posts\/61175\/revisions\/61176"}],"wp:featuredmedia":[{"embeddable":true,"href":"https:\/\/prizrenpost.com\/al\/wp-json\/wp\/v2\/media\/60090"}],"wp:attachment":[{"href":"https:\/\/prizrenpost.com\/al\/wp-json\/wp\/v2\/media?parent=61175"}],"wp:term":[{"taxonomy":"category","embeddable":true,"href":"https:\/\/prizrenpost.com\/al\/wp-json\/wp\/v2\/categories?post=61175"},{"taxonomy":"post_tag","embeddable":true,"href":"https:\/\/prizrenpost.com\/al\/wp-json\/wp\/v2\/tags?post=61175"}],"curies":[{"name":"wp","href":"https:\/\/api.w.org\/{rel}","templated":true}]}}