{"id":6129,"date":"2014-04-12T16:58:46","date_gmt":"2014-04-12T14:58:46","guid":{"rendered":"http:\/\/prizrenpost.com\/al\/?p=6129"},"modified":"2021-02-21T00:01:10","modified_gmt":"2021-02-20T23:01:10","slug":"vdesin-4-te-rinj-ne-aksident-ne-kamez","status":"publish","type":"post","link":"https:\/\/prizrenpost.com\/al\/vdesin-4-te-rinj-ne-aksident-ne-kamez\/","title":{"rendered":"Vdesin 4 t\u00eb rinj n\u00eb aksident n\u00eb Kam\u00ebz"},"content":{"rendered":"<p><img decoding=\"async\" src=\"https:\/\/prizrenpost.com\/al\/wp-content\/uploads\/2019\/07\/prizren-post-logo-lajme.png\" alt=\"\" width=\"100%\" height=\"\" class=\"alignleft size-full wp-image-55903\" srcset=\"https:\/\/prizrenpost.com\/al\/wp-content\/uploads\/2019\/07\/prizren-post-logo-lajme.png 1000w, https:\/\/prizrenpost.com\/al\/wp-content\/uploads\/2019\/07\/prizren-post-logo-lajme-300x150.png 300w, https:\/\/prizrenpost.com\/al\/wp-content\/uploads\/2019\/07\/prizren-post-logo-lajme-768x384.png 768w\" sizes=\"(max-width: 1000px) 100vw, 1000px\" \/><\/p>\n<p><strong>TIRANE- Aksident tragjik n\u00eb Kam\u00ebz. 4 t\u00eb rinj kan\u00eb humbur jet\u00ebn si pasoj\u00eb e daljes nga rruga t\u00eb mjetit tip \u2018BMW\u2019 me t\u00eb cilin udh\u00ebtonin. Automjeti me targ\u00eb AA533IU doli nga rruga teksa l\u00ebvizte n\u00eb segmentin rrugor Kthesa e Bathores \u2013 Instituti Bujq\u00ebsor Kam\u00ebz.<\/strong><\/p>\n<p>Sipas t\u00eb dh\u00ebnave t\u00eb fundit, viktimat jan\u00eb tre djem dhe nj\u00eb vajz\u00eb. N\u00eb aksident humbi jet\u00ebn 25-vjecari Alfred Beluli, i cili drejtonte mjetin, Fatjon Driza, 22 vje\u00e7, Jurgjena Mu\u00e7a, 18 vje\u00e7e dhe Klevis Mu\u00e7a, 14 vje\u00e7. <\/p>\n<p>Burime nga Spitali i Traum\u00ebs b\u00ebn\u00eb me dije se 4 t\u00eb rinjt\u00eb kan\u00eb mb\u00ebrritur aty pa shenja jete. <\/p>\n<p>Ngjarja e r\u00ebnd\u00eb u regjistrua n\u00eb or\u00ebt e para t\u00eb m\u00ebngjesit (ora 04.45\u2019), nd\u00ebrsa fillimisht personat e p\u00ebrfshir\u00eb n\u00eb aksident mbet\u00ebn t\u00eb plagosur dhe u transportuan drejt Spitalit Ushtarak, por plag\u00ebt e shumta t\u00eb marra kan\u00eb rezultuar fatale p\u00ebr ta. M\u00ebsohet se \u00ebsht\u00eb dashur edhe nd\u00ebrhyrja e sh\u00ebrbimit zjarrfik\u00ebs, t\u00eb cil\u00ebt mund\u00ebn t\u00eb nxjerrin 4 t\u00eb rinjt\u00eb nga automjeti i aksidentuar.<\/p>\n<p>Nga t\u00eb dh\u00ebnat e deritanishme nga hetimet e kryera n\u00eb vendngjarje rezulton se shkak i aksidentit ka qen\u00eb humbja e kontrollit t\u00eb drejtimit t\u00eb mjetit dhe shpejt\u00ebsia e lart\u00eb. <\/p>\n<p>Nga strukturat e Policis\u00eb n\u00eb bashk\u00ebpunim me Prokurorin\u00eb, vijon kryerja e veprimeve hetimore dhe procedurale p\u00ebr zbardhjen e plot\u00eb t\u00eb rrethanave dhe shkaqeve t\u00eb k\u00ebtij aksidenti.\/balkanweb\/<\/p>\n","protected":false},"excerpt":{"rendered":"<p>TIRANE- Aksident tragjik n\u00eb Kam\u00ebz. 4 t\u00eb rinj kan\u00eb humbur jet\u00ebn si pasoj\u00eb e daljes nga rruga t\u00eb mjetit tip \u2018BMW\u2019 me t\u00eb cilin udh\u00ebtonin. Automjeti me targ\u00eb AA533IU doli nga rruga teksa l\u00ebvizte n\u00eb segmentin rrugor Kthesa e Bathores \u2013 Instituti Bujq\u00ebsor Kam\u00ebz. Sipas t\u00eb dh\u00ebnave t\u00eb fundit, viktimat jan\u00eb tre djem dhe nj\u00eb [&hellip;]<\/p>\n","protected":false},"author":1,"featured_media":55903,"comment_status":"open","ping_status":"open","sticky":false,"template":"","format":"standard","meta":{"footnotes":""},"categories":[1],"tags":[1027,52],"class_list":["post-6129","post","type-post","status-publish","format-standard","has-post-thumbnail","hentry","category-lajme","tag-aksident","tag-shqiperi"],"_links":{"self":[{"href":"https:\/\/prizrenpost.com\/al\/wp-json\/wp\/v2\/posts\/6129","targetHints":{"allow":["GET"]}}],"collection":[{"href":"https:\/\/prizrenpost.com\/al\/wp-json\/wp\/v2\/posts"}],"about":[{"href":"https:\/\/prizrenpost.com\/al\/wp-json\/wp\/v2\/types\/post"}],"author":[{"embeddable":true,"href":"https:\/\/prizrenpost.com\/al\/wp-json\/wp\/v2\/users\/1"}],"replies":[{"embeddable":true,"href":"https:\/\/prizrenpost.com\/al\/wp-json\/wp\/v2\/comments?post=6129"}],"version-history":[{"count":1,"href":"https:\/\/prizrenpost.com\/al\/wp-json\/wp\/v2\/posts\/6129\/revisions"}],"predecessor-version":[{"id":63237,"href":"https:\/\/prizrenpost.com\/al\/wp-json\/wp\/v2\/posts\/6129\/revisions\/63237"}],"wp:featuredmedia":[{"embeddable":true,"href":"https:\/\/prizrenpost.com\/al\/wp-json\/wp\/v2\/media\/55903"}],"wp:attachment":[{"href":"https:\/\/prizrenpost.com\/al\/wp-json\/wp\/v2\/media?parent=6129"}],"wp:term":[{"taxonomy":"category","embeddable":true,"href":"https:\/\/prizrenpost.com\/al\/wp-json\/wp\/v2\/categories?post=6129"},{"taxonomy":"post_tag","embeddable":true,"href":"https:\/\/prizrenpost.com\/al\/wp-json\/wp\/v2\/tags?post=6129"}],"curies":[{"name":"wp","href":"https:\/\/api.w.org\/{rel}","templated":true}]}}