{"id":61299,"date":"2020-12-02T12:58:35","date_gmt":"2020-12-02T11:58:35","guid":{"rendered":"https:\/\/prizrenpost.com\/al\/?p=61299"},"modified":"2021-06-25T16:58:20","modified_gmt":"2021-06-25T14:58:20","slug":"qeveria-thote-se-kete-jave-do-te-votohet-projektligji-per-rimekembje-ekonomike","status":"publish","type":"post","link":"https:\/\/prizrenpost.com\/al\/qeveria-thote-se-kete-jave-do-te-votohet-projektligji-per-rimekembje-ekonomike\/","title":{"rendered":"Qeveria thot\u00eb se k\u00ebt\u00eb jav\u00eb do t\u00eb votohet Projektligji p\u00ebr Rim\u00ebk\u00ebmbje Ekonomike"},"content":{"rendered":"<p><img decoding=\"async\" src=\"https:\/\/prizrenpost.com\/al\/wp-content\/uploads\/2020\/10\/qeveria-hoti.jpg\" alt=\"\" width=\"100%\" height=\"\" class=\"alignleft size-full wp-image-60985\" srcset=\"https:\/\/prizrenpost.com\/al\/wp-content\/uploads\/2020\/10\/qeveria-hoti.jpg 1200w, https:\/\/prizrenpost.com\/al\/wp-content\/uploads\/2020\/10\/qeveria-hoti-600x327.jpg 600w, https:\/\/prizrenpost.com\/al\/wp-content\/uploads\/2020\/10\/qeveria-hoti-300x164.jpg 300w, https:\/\/prizrenpost.com\/al\/wp-content\/uploads\/2020\/10\/qeveria-hoti-1024x558.jpg 1024w, https:\/\/prizrenpost.com\/al\/wp-content\/uploads\/2020\/10\/qeveria-hoti-768x419.jpg 768w\" sizes=\"(max-width: 1200px) 100vw, 1200px\" \/><\/p>\n<p><strong>PRISHTIN\u00cb &#8211; Partia n\u00eb opozit\u00eb, Partia Demokratike e Kosov\u00ebs ka b\u00ebr\u00eb t\u00eb ditur se do ta votoj\u00eb Projektligjin p\u00ebr Rim\u00ebk\u00ebmbje Ekonomike n\u00eb qoft\u00eb se Qeveria pranon k\u00ebrkesat e tyre rreth k\u00ebtij projektligji.<\/strong><\/p>\n<p>PDK ka b\u00ebr\u00eb t\u00eb ditur se Qeveris\u00eb Hoti i kan\u00eb d\u00ebrguar k\u00ebrkesa konkrete p\u00ebr sektorin privat, pun\u00ebtor\u00ebt e sektorit publik q\u00eb jan\u00eb duke luftuar pandemin\u00eb si dhe mb\u00ebshtetje p\u00ebr prodhuesit vendor.<\/p>\n<p>Por, p\u00ebr k\u00ebrkesat e PDK-s\u00eb, nga Qeveria Hoti nuk ka ndonj\u00eb koment.<\/p>\n<p>Z\u00ebdh\u00ebn\u00ebsja e Qeveris\u00eb s\u00eb Kosov\u00ebs, Antigona Baxhaku n\u00eb nj\u00eb deklarat\u00eb p\u00ebr Telegrafin nuk komentoi q\u00ebndrimin e PDK-s\u00eb, megjithat\u00eb tha se ky projektligj do t\u00eb votohet gjat\u00eb k\u00ebsaj jave.<\/p>\n<p>\u201cKryeministri, Avdullah Hoti ka paralajm\u00ebruar se k\u00ebt\u00eb jav\u00eb do t\u00eb votohet Projektligji p\u00ebr Rim\u00ebk\u00ebmbje Ekonomike\u201d, tha shkurtimisht Baxhaku.<\/p>\n<p>Ndryshe, n\u00eb mbledhjen e fundit t\u00eb Komisioni p\u00ebr Buxhet dhe Transfere, PDK kishte shprehur gatishm\u00ebri q\u00eb t\u00eb ulet me partit\u00eb n\u00eb pushtet dhe t\u00eb diskutojn\u00eb q\u00eb Projektligji p\u00ebr Rim\u00ebk\u00ebmbje Ekonomike t\u00eb kaloj\u00eb, e k\u00ebrkes\u00eb t\u00eb vetme e ka q\u00eb t\u00eb p\u00ebrfshihen amendamentet e tyre. Ndryshe, ky Projektligj n\u00eb munges\u00eb t\u00eb kuorumit kishte d\u00ebshtuar t\u00eb miratohet nga ky Komision.<\/p>\n<p>N\u00eb fillim t\u00eb muajit n\u00ebntor, kishte d\u00ebshtuar t\u00eb mbahet seanca e jasht\u00ebzakonshme e Kuvendit, ku ishte parapar\u00eb t\u00eb hidhet n\u00eb votim p\u00ebr lexim t\u00eb dyt\u00eb ky Projektligj. Seanca kishte d\u00ebshtuar n\u00eb munges\u00eb t\u00eb kuorumit.<br \/>\nNdryshe, m\u00eb 12 tetor, pas gjasht\u00eb d\u00ebshtimeve, Kuvendi i Kosov\u00ebs me 64 vota p\u00ebr, asnj\u00eb kund\u00ebr dhe asnj\u00eb abstenim, kishte votuar n\u00eb lexim t\u00eb par\u00eb k\u00ebt\u00eb Projektligj.<\/p>\n<p>N\u00ebse Projektligji siguron votat e nevojshme edhe n\u00eb lexim t\u00eb dyt\u00eb, kryetarja e Kuvendit e n\u00ebnshkruan dhe e d\u00ebrgon tek Presidenti p\u00ebr shpallje. Nd\u00ebrkaq, Presidenti ka afat tet\u00eb dit\u00eb p\u00ebr ta shpallur ose p\u00ebr ta kthyer at\u00eb p\u00ebr rishqyrtim n\u00eb Kuvend.<\/p>\n","protected":false},"excerpt":{"rendered":"<p>PRISHTIN\u00cb &#8211; Partia n\u00eb opozit\u00eb, Partia Demokratike e Kosov\u00ebs ka b\u00ebr\u00eb t\u00eb ditur se do ta votoj\u00eb Projektligjin p\u00ebr Rim\u00ebk\u00ebmbje Ekonomike n\u00eb qoft\u00eb se Qeveria pranon k\u00ebrkesat e tyre rreth k\u00ebtij projektligji. PDK ka b\u00ebr\u00eb t\u00eb ditur se Qeveris\u00eb Hoti i kan\u00eb d\u00ebrguar k\u00ebrkesa konkrete p\u00ebr sektorin privat, pun\u00ebtor\u00ebt e sektorit publik q\u00eb jan\u00eb duke [&hellip;]<\/p>\n","protected":false},"author":1,"featured_media":60985,"comment_status":"open","ping_status":"open","sticky":false,"template":"","format":"standard","meta":{"footnotes":""},"categories":[1],"tags":[3803,5583,48,5611,5765],"class_list":["post-61299","post","type-post","status-publish","format-standard","has-post-thumbnail","hentry","category-lajme","tag-aktuale","tag-covid19","tag-kosove","tag-qeveria-hoti","tag-rimekembja-ekonomike"],"_links":{"self":[{"href":"https:\/\/prizrenpost.com\/al\/wp-json\/wp\/v2\/posts\/61299","targetHints":{"allow":["GET"]}}],"collection":[{"href":"https:\/\/prizrenpost.com\/al\/wp-json\/wp\/v2\/posts"}],"about":[{"href":"https:\/\/prizrenpost.com\/al\/wp-json\/wp\/v2\/types\/post"}],"author":[{"embeddable":true,"href":"https:\/\/prizrenpost.com\/al\/wp-json\/wp\/v2\/users\/1"}],"replies":[{"embeddable":true,"href":"https:\/\/prizrenpost.com\/al\/wp-json\/wp\/v2\/comments?post=61299"}],"version-history":[{"count":1,"href":"https:\/\/prizrenpost.com\/al\/wp-json\/wp\/v2\/posts\/61299\/revisions"}],"predecessor-version":[{"id":61300,"href":"https:\/\/prizrenpost.com\/al\/wp-json\/wp\/v2\/posts\/61299\/revisions\/61300"}],"wp:featuredmedia":[{"embeddable":true,"href":"https:\/\/prizrenpost.com\/al\/wp-json\/wp\/v2\/media\/60985"}],"wp:attachment":[{"href":"https:\/\/prizrenpost.com\/al\/wp-json\/wp\/v2\/media?parent=61299"}],"wp:term":[{"taxonomy":"category","embeddable":true,"href":"https:\/\/prizrenpost.com\/al\/wp-json\/wp\/v2\/categories?post=61299"},{"taxonomy":"post_tag","embeddable":true,"href":"https:\/\/prizrenpost.com\/al\/wp-json\/wp\/v2\/tags?post=61299"}],"curies":[{"name":"wp","href":"https:\/\/api.w.org\/{rel}","templated":true}]}}