{"id":61345,"date":"2020-12-09T13:55:02","date_gmt":"2020-12-09T12:55:02","guid":{"rendered":"https:\/\/prizrenpost.com\/al\/?p=61345"},"modified":"2021-06-25T16:58:19","modified_gmt":"2021-06-25T14:58:19","slug":"shefja-e-te-drejtave-ne-okb-kerkon-qe-franca-te-heqe-pjese-te-projekt-ligjit-te-sigurise","status":"publish","type":"post","link":"https:\/\/prizrenpost.com\/al\/shefja-e-te-drejtave-ne-okb-kerkon-qe-franca-te-heqe-pjese-te-projekt-ligjit-te-sigurise\/","title":{"rendered":"Shefja e t\u00eb drejtave n\u00eb OKB k\u00ebrkon q\u00eb Franca t\u00eb heq\u00eb pjes\u00eb t\u00eb projektligjit t\u00eb siguris\u00eb"},"content":{"rendered":"<p><img decoding=\"async\" src=\"https:\/\/prizrenpost.com\/al\/wp-content\/uploads\/2020\/12\/france-protest.png\" alt=\"\" width=\"100%\" height=\"\" class=\"alignleft size-full wp-image-61347\" srcset=\"https:\/\/prizrenpost.com\/al\/wp-content\/uploads\/2020\/12\/france-protest.png 800w, https:\/\/prizrenpost.com\/al\/wp-content\/uploads\/2020\/12\/france-protest-300x157.png 300w, https:\/\/prizrenpost.com\/al\/wp-content\/uploads\/2020\/12\/france-protest-768x401.png 768w\" sizes=\"(max-width: 800px) 100vw, 800px\" \/><\/p>\n<p><strong>GJENEV\u00cb &#8211; Michelle Bachelet thot\u00eb se \u2018Neni 24\u2019 \u00ebsht\u00eb i diskutuesh\u00ebm, i cili do ta b\u00ebnte t\u00eb paligjsh\u00ebm ndarjen e imazheve t\u00eb policis\u00eb, duhet t\u00eb t\u00ebrhiqet.<\/strong><\/p>\n<p>Shefja e t\u00eb drejtave t\u00eb njeriut t\u00eb Kombeve t\u00eb Bashkuara ka k\u00ebrkuar q\u00eb Franca t\u00eb t\u00ebrheq\u00eb nj\u00eb pjes\u00eb t\u00eb diskutueshme t\u00eb &#8220;Projektligjit Global t\u00eb saj t\u00eb Siguris\u00eb&#8221; q\u00eb do t\u00eb frenonte lirin\u00eb p\u00ebr t\u00eb ndar\u00eb imazhe duke identifikuar policin\u00eb.<\/p>\n<p>Michelle Bachelet b\u00ebri thirrje t\u00eb m\u00ebrkur\u00ebn p\u00ebr t\u00ebrheqjen e &#8220;Nenit 24&#8221; t\u00eb projektligjit t\u00eb siguris\u00eb.<\/p>\n<p>Artikulli gjithashtu ka t\u00ebrhequr kritika nga grupe t\u00eb t\u00eb drejtave t\u00eb njeriut dhe aktivist\u00eb t\u00eb cil\u00ebt thon\u00eb se filmimi i rasteve t\u00eb brutalitetit t\u00eb policis\u00eb \u00ebsht\u00eb thelb\u00ebsor p\u00ebr t&#8217;i k\u00ebrkuar oficer\u00ebve llogari.<\/p>\n<p>Ligji i propozuar nisi val\u00ebn e protestave n\u00eb rrug\u00eb n\u00eb Franc\u00eb pasi qeveria prezantoi nj\u00eb projektligj t\u00eb siguris\u00eb n\u00eb Parlament q\u00eb vendosi t\u00eb rris\u00eb mjetet e saj t\u00eb mbik\u00ebqyrjes dhe t\u00eb kufizoj\u00eb t\u00eb drejtat p\u00ebr qarkullimin e imazheve t\u00eb oficer\u00ebve t\u00eb policis\u00eb n\u00eb media dhe n\u00eb internet.<\/p>\n<p>N\u00eb nj\u00eb kthes\u00eb t\u00eb fundit, partia qeveris\u00ebse e Presidentit francez Emmanuel Macron tha se do t\u00eb rishkruante &#8220;24-shin&#8221;.<\/p>\n<p>&#8220;Ligji duhet t\u00eb diskutohet nga populli francez,&#8221; tha Bachelet n\u00eb nj\u00eb konferenc\u00eb shtypi n\u00eb Gjenev\u00eb.<\/p>\n<p>&#8220;Por \u00ebsht\u00eb neni 24, ai p\u00ebr t\u00eb cilin ne v\u00ebrtet jemi t\u00eb shqet\u00ebsuar. Dhe kjo \u00ebsht\u00eb arsyeja pse ne po p\u00ebrmendim q\u00eb duhet t\u00eb rishikohet dhe duhet, me sa duket, t\u00eb t\u00ebrhiqet &#8220;, shtoi Bachelet.<\/p>\n","protected":false},"excerpt":{"rendered":"<p>GJENEV\u00cb &#8211; Michelle Bachelet thot\u00eb se \u2018Neni 24\u2019 \u00ebsht\u00eb i diskutuesh\u00ebm, i cili do ta b\u00ebnte t\u00eb paligjsh\u00ebm ndarjen e imazheve t\u00eb policis\u00eb, duhet t\u00eb t\u00ebrhiqet. Shefja e t\u00eb drejtave t\u00eb njeriut t\u00eb Kombeve t\u00eb Bashkuara ka k\u00ebrkuar q\u00eb Franca t\u00eb t\u00ebrheq\u00eb nj\u00eb pjes\u00eb t\u00eb diskutueshme t\u00eb &#8220;Projektligjit Global t\u00eb saj t\u00eb Siguris\u00eb&#8221; q\u00eb do [&hellip;]<\/p>\n","protected":false},"author":1,"featured_media":61347,"comment_status":"open","ping_status":"open","sticky":false,"template":"","format":"standard","meta":{"footnotes":""},"categories":[1],"tags":[1377,872],"class_list":["post-61345","post","type-post","status-publish","format-standard","has-post-thumbnail","hentry","category-lajme","tag-france","tag-protesta"],"_links":{"self":[{"href":"https:\/\/prizrenpost.com\/al\/wp-json\/wp\/v2\/posts\/61345","targetHints":{"allow":["GET"]}}],"collection":[{"href":"https:\/\/prizrenpost.com\/al\/wp-json\/wp\/v2\/posts"}],"about":[{"href":"https:\/\/prizrenpost.com\/al\/wp-json\/wp\/v2\/types\/post"}],"author":[{"embeddable":true,"href":"https:\/\/prizrenpost.com\/al\/wp-json\/wp\/v2\/users\/1"}],"replies":[{"embeddable":true,"href":"https:\/\/prizrenpost.com\/al\/wp-json\/wp\/v2\/comments?post=61345"}],"version-history":[{"count":1,"href":"https:\/\/prizrenpost.com\/al\/wp-json\/wp\/v2\/posts\/61345\/revisions"}],"predecessor-version":[{"id":61348,"href":"https:\/\/prizrenpost.com\/al\/wp-json\/wp\/v2\/posts\/61345\/revisions\/61348"}],"wp:featuredmedia":[{"embeddable":true,"href":"https:\/\/prizrenpost.com\/al\/wp-json\/wp\/v2\/media\/61347"}],"wp:attachment":[{"href":"https:\/\/prizrenpost.com\/al\/wp-json\/wp\/v2\/media?parent=61345"}],"wp:term":[{"taxonomy":"category","embeddable":true,"href":"https:\/\/prizrenpost.com\/al\/wp-json\/wp\/v2\/categories?post=61345"},{"taxonomy":"post_tag","embeddable":true,"href":"https:\/\/prizrenpost.com\/al\/wp-json\/wp\/v2\/tags?post=61345"}],"curies":[{"name":"wp","href":"https:\/\/api.w.org\/{rel}","templated":true}]}}