{"id":61357,"date":"2020-12-09T18:38:17","date_gmt":"2020-12-09T17:38:17","guid":{"rendered":"https:\/\/prizrenpost.com\/al\/?p=61357"},"modified":"2021-06-25T16:58:19","modified_gmt":"2021-06-25T14:58:19","slug":"lulzim-jashari-i-biri-i-komandantit-legjendar-sot-vizitoi-komunen-e-prizrenit","status":"publish","type":"post","link":"https:\/\/prizrenpost.com\/al\/lulzim-jashari-i-biri-i-komandantit-legjendar-sot-vizitoi-komunen-e-prizrenit\/","title":{"rendered":"Lulzim Jashari, i biri i komandantit legjendar, sot vizitoi Komun\u00ebn e Prizrenit"},"content":{"rendered":"<p><img decoding=\"async\" src=\"https:\/\/prizrenpost.com\/al\/wp-content\/uploads\/2020\/12\/lulzimi-mytaheri.jpg\" alt=\"\" width=\"100%\" height=\"\" class=\"alignleft size-full wp-image-61358\" srcset=\"https:\/\/prizrenpost.com\/al\/wp-content\/uploads\/2020\/12\/lulzimi-mytaheri.jpg 2048w, https:\/\/prizrenpost.com\/al\/wp-content\/uploads\/2020\/12\/lulzimi-mytaheri-300x187.jpg 300w, https:\/\/prizrenpost.com\/al\/wp-content\/uploads\/2020\/12\/lulzimi-mytaheri-1024x638.jpg 1024w, https:\/\/prizrenpost.com\/al\/wp-content\/uploads\/2020\/12\/lulzimi-mytaheri-768x479.jpg 768w, https:\/\/prizrenpost.com\/al\/wp-content\/uploads\/2020\/12\/lulzimi-mytaheri-1536x957.jpg 1536w\" sizes=\"(max-width: 2048px) 100vw, 2048px\" \/><\/p>\n<p><strong>PRIZREN &#8211; Sot Komun\u00ebn e Prizrenit ka vizituar Lulzim Jashari, i biri i komandantit legjendar, Adem Jashari. Vizit\u00ebn e b\u00ebri t\u00eb ditur kryetari i Prizrenit Mytaher Haskuka p\u00ebrmes rrjeteve sociale.<\/strong><\/p>\n<p>Gjat\u00eb k\u00ebtij takimi biseduam p\u00ebr projektin e Komun\u00ebs s\u00eb Prizrenit p\u00ebr nd\u00ebrtimin e shtatores s\u00eb Adem Jasharit, ku p\u00ebrzgjedhja e skulptorit do t\u00eb b\u00ebhet me konkurs nd\u00ebrkomb\u00ebtar dhe me vler\u00ebsimin e nj\u00eb komisioni t\u00eb p\u00ebrb\u00ebr\u00eb prej 7 ekspert\u00ebve.<\/p>\n<p>Komandanti historik Adem Jashari, do ta merr vendin e merituar n\u00eb qytetin historik, n\u00eb Prizren.<\/p>\n","protected":false},"excerpt":{"rendered":"<p>PRIZREN &#8211; Sot Komun\u00ebn e Prizrenit ka vizituar Lulzim Jashari, i biri i komandantit legjendar, Adem Jashari. Vizit\u00ebn e b\u00ebri t\u00eb ditur kryetari i Prizrenit Mytaher Haskuka p\u00ebrmes rrjeteve sociale. Gjat\u00eb k\u00ebtij takimi biseduam p\u00ebr projektin e Komun\u00ebs s\u00eb Prizrenit p\u00ebr nd\u00ebrtimin e shtatores s\u00eb Adem Jasharit, ku p\u00ebrzgjedhja e skulptorit do t\u00eb b\u00ebhet me [&hellip;]<\/p>\n","protected":false},"author":1,"featured_media":61358,"comment_status":"open","ping_status":"open","sticky":false,"template":"","format":"standard","meta":{"footnotes":""},"categories":[22],"tags":[1479,3803,2597,5778,4116,41],"class_list":["post-61357","post","type-post","status-publish","format-standard","has-post-thumbnail","hentry","category-prizren","tag-adem-jashari","tag-aktuale","tag-komuna-e-prizrenit","tag-lulzim-jashari","tag-mytaher-haskuka","tag-prizren"],"_links":{"self":[{"href":"https:\/\/prizrenpost.com\/al\/wp-json\/wp\/v2\/posts\/61357","targetHints":{"allow":["GET"]}}],"collection":[{"href":"https:\/\/prizrenpost.com\/al\/wp-json\/wp\/v2\/posts"}],"about":[{"href":"https:\/\/prizrenpost.com\/al\/wp-json\/wp\/v2\/types\/post"}],"author":[{"embeddable":true,"href":"https:\/\/prizrenpost.com\/al\/wp-json\/wp\/v2\/users\/1"}],"replies":[{"embeddable":true,"href":"https:\/\/prizrenpost.com\/al\/wp-json\/wp\/v2\/comments?post=61357"}],"version-history":[{"count":1,"href":"https:\/\/prizrenpost.com\/al\/wp-json\/wp\/v2\/posts\/61357\/revisions"}],"predecessor-version":[{"id":61359,"href":"https:\/\/prizrenpost.com\/al\/wp-json\/wp\/v2\/posts\/61357\/revisions\/61359"}],"wp:featuredmedia":[{"embeddable":true,"href":"https:\/\/prizrenpost.com\/al\/wp-json\/wp\/v2\/media\/61358"}],"wp:attachment":[{"href":"https:\/\/prizrenpost.com\/al\/wp-json\/wp\/v2\/media?parent=61357"}],"wp:term":[{"taxonomy":"category","embeddable":true,"href":"https:\/\/prizrenpost.com\/al\/wp-json\/wp\/v2\/categories?post=61357"},{"taxonomy":"post_tag","embeddable":true,"href":"https:\/\/prizrenpost.com\/al\/wp-json\/wp\/v2\/tags?post=61357"}],"curies":[{"name":"wp","href":"https:\/\/api.w.org\/{rel}","templated":true}]}}