{"id":61380,"date":"2020-12-10T21:18:43","date_gmt":"2020-12-10T20:18:43","guid":{"rendered":"https:\/\/prizrenpost.com\/al\/?p=61380"},"modified":"2021-06-25T16:58:19","modified_gmt":"2021-06-25T14:58:19","slug":"dita-e-dyte-e-protestes-ne-tirane-per-klodian-rashen","status":"publish","type":"post","link":"https:\/\/prizrenpost.com\/al\/dita-e-dyte-e-protestes-ne-tirane-per-klodian-rashen\/","title":{"rendered":"Dita e dyt\u00eb e protest\u00ebs n\u00eb Tiran\u00eb p\u00ebr Klodian Rash\u00ebn"},"content":{"rendered":"<p><img decoding=\"async\" src=\"https:\/\/prizrenpost.com\/al\/wp-content\/uploads\/2020\/12\/protesta-tirane.jpg\" alt=\"\" width=\"100%\" height=\"\" class=\"alignleft size-full wp-image-61381\" srcset=\"https:\/\/prizrenpost.com\/al\/wp-content\/uploads\/2020\/12\/protesta-tirane.jpg 800w, https:\/\/prizrenpost.com\/al\/wp-content\/uploads\/2020\/12\/protesta-tirane-300x169.jpg 300w, https:\/\/prizrenpost.com\/al\/wp-content\/uploads\/2020\/12\/protesta-tirane-768x432.jpg 768w\" sizes=\"(max-width: 800px) 100vw, 800px\" \/><\/p>\n<p><strong>TIRAN\u00cb &#8211; Sot \u00ebsht\u00eb dita e dyt\u00eb e protest\u00ebs p\u00ebr vrasjen e Klodian Rash\u00ebs para Ministris\u00eb s\u00eb Brendshme n\u00eb Tiran\u00eb.<\/strong><\/p>\n<p>T\u00eb rinj e f\u00ebmij\u00eb jan\u00eb mbledhur, t\u00eb cil\u00ebt hedhin kapsolla e boj\u00eb t\u00eb kuqe n\u00eb rrug\u00eb. Hekurat ndar\u00ebs t\u00eb rrug\u00ebs jan\u00eb shkulur nga protestuesit, nd\u00ebrsa polic\u00ebt po sulmohen me stolat e hekurit.<\/p>\n<p>Pas mb\u00ebrritjes s\u00eb forcave t\u00eb siguris\u00eb dhe hedhjes s\u00eb gazit lotsjell\u00ebs, t\u00eb rinjt\u00eb jan\u00eb larguar.<\/p>\n","protected":false},"excerpt":{"rendered":"<p>TIRAN\u00cb &#8211; Sot \u00ebsht\u00eb dita e dyt\u00eb e protest\u00ebs p\u00ebr vrasjen e Klodian Rash\u00ebs para Ministris\u00eb s\u00eb Brendshme n\u00eb Tiran\u00eb. T\u00eb rinj e f\u00ebmij\u00eb jan\u00eb mbledhur, t\u00eb cil\u00ebt hedhin kapsolla e boj\u00eb t\u00eb kuqe n\u00eb rrug\u00eb. Hekurat ndar\u00ebs t\u00eb rrug\u00ebs jan\u00eb shkulur nga protestuesit, nd\u00ebrsa polic\u00ebt po sulmohen me stolat e hekurit. Pas mb\u00ebrritjes s\u00eb [&hellip;]<\/p>\n","protected":false},"author":1,"featured_media":61381,"comment_status":"open","ping_status":"open","sticky":false,"template":"","format":"standard","meta":{"footnotes":""},"categories":[1],"tags":[3803,5781,52,53],"class_list":["post-61380","post","type-post","status-publish","format-standard","has-post-thumbnail","hentry","category-lajme","tag-aktuale","tag-klodian-rasha","tag-shqiperi","tag-tirane"],"_links":{"self":[{"href":"https:\/\/prizrenpost.com\/al\/wp-json\/wp\/v2\/posts\/61380","targetHints":{"allow":["GET"]}}],"collection":[{"href":"https:\/\/prizrenpost.com\/al\/wp-json\/wp\/v2\/posts"}],"about":[{"href":"https:\/\/prizrenpost.com\/al\/wp-json\/wp\/v2\/types\/post"}],"author":[{"embeddable":true,"href":"https:\/\/prizrenpost.com\/al\/wp-json\/wp\/v2\/users\/1"}],"replies":[{"embeddable":true,"href":"https:\/\/prizrenpost.com\/al\/wp-json\/wp\/v2\/comments?post=61380"}],"version-history":[{"count":1,"href":"https:\/\/prizrenpost.com\/al\/wp-json\/wp\/v2\/posts\/61380\/revisions"}],"predecessor-version":[{"id":61382,"href":"https:\/\/prizrenpost.com\/al\/wp-json\/wp\/v2\/posts\/61380\/revisions\/61382"}],"wp:featuredmedia":[{"embeddable":true,"href":"https:\/\/prizrenpost.com\/al\/wp-json\/wp\/v2\/media\/61381"}],"wp:attachment":[{"href":"https:\/\/prizrenpost.com\/al\/wp-json\/wp\/v2\/media?parent=61380"}],"wp:term":[{"taxonomy":"category","embeddable":true,"href":"https:\/\/prizrenpost.com\/al\/wp-json\/wp\/v2\/categories?post=61380"},{"taxonomy":"post_tag","embeddable":true,"href":"https:\/\/prizrenpost.com\/al\/wp-json\/wp\/v2\/tags?post=61380"}],"curies":[{"name":"wp","href":"https:\/\/api.w.org\/{rel}","templated":true}]}}