{"id":61528,"date":"2020-12-18T21:17:24","date_gmt":"2020-12-18T20:17:24","guid":{"rendered":"https:\/\/prizrenpost.com\/al\/?p=61528"},"modified":"2021-06-25T17:05:38","modified_gmt":"2021-06-25T15:05:38","slug":"jetimat-e-ballkanit-dhe-komuna-e-prizrenit-do-te-ndertojne-20-shtepi","status":"publish","type":"post","link":"https:\/\/prizrenpost.com\/al\/jetimat-e-ballkanit-dhe-komuna-e-prizrenit-do-te-ndertojne-20-shtepi\/","title":{"rendered":"\u201cJetimat e Ballkanit\u201d dhe Komuna e Prizrenit do t\u00eb nd\u00ebrtojn\u00eb 20 sht\u00ebpi"},"content":{"rendered":"<p><img decoding=\"async\" src=\"https:\/\/prizrenpost.com\/al\/wp-content\/uploads\/2020\/12\/kastrati-haskuka.jpg\" alt=\"\" width=\"100%\" height=\"\" class=\"alignleft size-full wp-image-61529\" srcset=\"https:\/\/prizrenpost.com\/al\/wp-content\/uploads\/2020\/12\/kastrati-haskuka.jpg 780w, https:\/\/prizrenpost.com\/al\/wp-content\/uploads\/2020\/12\/kastrati-haskuka-300x169.jpg 300w, https:\/\/prizrenpost.com\/al\/wp-content\/uploads\/2020\/12\/kastrati-haskuka-768x432.jpg 768w\" sizes=\"(max-width: 780px) 100vw, 780px\" \/><\/p>\n<p><strong>PRIZREN &#8211; \u201cJetimat e Ballkanit\u201d n\u00eb bashk\u00ebpunim me Komun\u00ebn e Prizrenit, do t\u00eb nd\u00ebrtojn\u00eb gjat\u00eb vitit 2021 20 sht\u00ebpi p\u00ebr familjet skamnore.<\/strong><\/p>\n<p>K\u00ebt\u00eb lajm e ka b\u00ebr\u00eb t\u00eb ditur p\u00ebrmes nj\u00eb postimi n\u00eb Facebook, drejtori i Shoqat\u00ebs Bamir\u00ebse \u201cJetimat e Ballkanit\u201d, Halil Kastrati.<\/p>\n<p>\u201cSot, n\u00eb komun\u00ebn e Prizrenit bashk\u00eb me kryetarin, Mytaher Haskuka kemi n\u00ebnshkruar memorandumin p\u00ebr nd\u00ebrtimin e 20 sht\u00ebpive gjat\u00eb vitit 2021. Komuna do t\u00eb participoj\u00eb me nga 5000 euro p\u00ebr secil\u00ebn sht\u00ebpi, kurse pjesa tjet\u00ebr do t\u00eb mbulohet nga donator\u00ebt n\u00ebp\u00ebrmjet shoqat\u00ebs \u2018Jetimat e Ballkanit\u2019\u201d, shkruan Kastrati.<\/p>\n<p><strong>Postimi i plot\u00eb:<\/strong><\/p>\n<p><em>20 familjeve do t\u2019u kthehet buz\u00ebqeshja n\u00eb Prizren!<\/p>\n<p>Sot, n\u00eb komun\u00ebn e Prizrenit bashk\u00eb me kryetarin, Mytaher Haskuka kemi n\u00ebnshkruar memorandumin p\u00ebr nd\u00ebrtimin e 20 sht\u00ebpive gjat\u00eb vitit 2021.<\/p>\n<p>Komuna do t\u00eb participoj\u00eb me nga 5000 euro p\u00ebr secil\u00ebn sht\u00ebpi, kurse pjesa tjet\u00ebr do t\u00eb mbulohet nga donator\u00ebt n\u00ebp\u00ebrmjet shoqat\u00ebs \u2018Jetimat e Ballkanit\u2019.<\/p>\n<p>Bamir\u00ebs, Zoti kurr\u00eb mos ju humbt\u00eb.<\/em> <\/p>\n","protected":false},"excerpt":{"rendered":"<p>PRIZREN &#8211; \u201cJetimat e Ballkanit\u201d n\u00eb bashk\u00ebpunim me Komun\u00ebn e Prizrenit, do t\u00eb nd\u00ebrtojn\u00eb gjat\u00eb vitit 2021 20 sht\u00ebpi p\u00ebr familjet skamnore. K\u00ebt\u00eb lajm e ka b\u00ebr\u00eb t\u00eb ditur p\u00ebrmes nj\u00eb postimi n\u00eb Facebook, drejtori i Shoqat\u00ebs Bamir\u00ebse \u201cJetimat e Ballkanit\u201d, Halil Kastrati. \u201cSot, n\u00eb komun\u00ebn e Prizrenit bashk\u00eb me kryetarin, Mytaher Haskuka kemi n\u00ebnshkruar [&hellip;]<\/p>\n","protected":false},"author":1,"featured_media":61529,"comment_status":"open","ping_status":"open","sticky":false,"template":"","format":"standard","meta":{"footnotes":""},"categories":[22],"tags":[2804,4539,4116,41],"class_list":["post-61528","post","type-post","status-publish","format-standard","has-post-thumbnail","hentry","category-prizren","tag-business-forum-prizren-2016","tag-halil-kastrati","tag-mytaher-haskuka","tag-prizren"],"_links":{"self":[{"href":"https:\/\/prizrenpost.com\/al\/wp-json\/wp\/v2\/posts\/61528","targetHints":{"allow":["GET"]}}],"collection":[{"href":"https:\/\/prizrenpost.com\/al\/wp-json\/wp\/v2\/posts"}],"about":[{"href":"https:\/\/prizrenpost.com\/al\/wp-json\/wp\/v2\/types\/post"}],"author":[{"embeddable":true,"href":"https:\/\/prizrenpost.com\/al\/wp-json\/wp\/v2\/users\/1"}],"replies":[{"embeddable":true,"href":"https:\/\/prizrenpost.com\/al\/wp-json\/wp\/v2\/comments?post=61528"}],"version-history":[{"count":1,"href":"https:\/\/prizrenpost.com\/al\/wp-json\/wp\/v2\/posts\/61528\/revisions"}],"predecessor-version":[{"id":61530,"href":"https:\/\/prizrenpost.com\/al\/wp-json\/wp\/v2\/posts\/61528\/revisions\/61530"}],"wp:featuredmedia":[{"embeddable":true,"href":"https:\/\/prizrenpost.com\/al\/wp-json\/wp\/v2\/media\/61529"}],"wp:attachment":[{"href":"https:\/\/prizrenpost.com\/al\/wp-json\/wp\/v2\/media?parent=61528"}],"wp:term":[{"taxonomy":"category","embeddable":true,"href":"https:\/\/prizrenpost.com\/al\/wp-json\/wp\/v2\/categories?post=61528"},{"taxonomy":"post_tag","embeddable":true,"href":"https:\/\/prizrenpost.com\/al\/wp-json\/wp\/v2\/tags?post=61528"}],"curies":[{"name":"wp","href":"https:\/\/api.w.org\/{rel}","templated":true}]}}