{"id":61656,"date":"2020-12-23T18:44:33","date_gmt":"2020-12-23T17:44:33","guid":{"rendered":"https:\/\/prizrenpost.com\/al\/?p=61656"},"modified":"2021-06-25T17:05:32","modified_gmt":"2021-06-25T15:05:32","slug":"autostrada-biennale-lll-prezanton-datat-dhe-qytetet","status":"publish","type":"post","link":"https:\/\/prizrenpost.com\/al\/autostrada-biennale-lll-prezanton-datat-dhe-qytetet\/","title":{"rendered":"Autostrada Biennale lll prezanton datat dhe qytetet"},"content":{"rendered":"<p><img decoding=\"async\" src=\"https:\/\/prizrenpost.com\/al\/wp-content\/uploads\/2020\/12\/autostrada-biennale.png\" alt=\"\" width=\"100%\" height=\"\" class=\"alignleft size-full wp-image-61657\" srcset=\"https:\/\/prizrenpost.com\/al\/wp-content\/uploads\/2020\/12\/autostrada-biennale.png 571w, https:\/\/prizrenpost.com\/al\/wp-content\/uploads\/2020\/12\/autostrada-biennale-300x177.png 300w\" sizes=\"(max-width: 571px) 100vw, 571px\" \/><\/p>\n<p><strong>PRIZREN &#8211; Bienalja Nd\u00ebrkomb\u00ebtare e Artit Bashk\u00ebkohor &#8220;Autostrada Biennale III\u201d do t\u00eb mbahet nga 17 korriku deri m\u00eb 11 shtator t\u00eb vitit 2021, me vepra arti n\u00eb Prizren, Prishtin\u00eb dhe Pej\u00eb.<\/strong><\/p>\n<p>Nuk ka qen\u00eb nj\u00eb vit i leht\u00eb p\u00ebr shum\u00eb prej nesh. Megjithat\u00eb, arti na jep shpres\u00eb dhe strukturim p\u00ebr t\u00eb ardhmen. Ne d\u00ebshirojm\u00eb t\u00eb ndajm\u00eb me ju disa fakte t\u00eb r\u00ebnd\u00ebsishme p\u00ebr edicionin e tret\u00eb t\u00eb Autostrada Biennale, t\u00eb cil\u00ebn ne po p\u00ebrgatisim intensivisht, s\u00eb bashku me dy kurator\u00ebt tan\u00eb \u00d6v\u00fcl \u00d6. Durmu\u015fo\u011flu dhe Joanna Warsza.<\/p>\n<p>Edicioni i ardhsh\u00ebm nuk do t\u00eb shtyhet dhe do t\u00eb zhvillohet pavar\u00ebsisht dhe brenda rrethanave aktuale, n\u00eb tre qytete: Prizren, Prishtin\u00eb dhe Pej\u00eb. Prizreni do t\u00eb mbetet b\u00ebrthama e Bienales, nd\u00ebrsa instalime dhe nd\u00ebrhyrje shtes\u00eb do t\u00eb ndodhin edhe n\u00eb Prishtin\u00eb dhe Pej\u00eb. <\/p>\n<p>Datat p\u00ebr edicionin e tret\u00eb t\u00eb Autostrada Biennale jan\u00eb: 17 korrik &#8211; 11 shtator 2021. <\/p>\n<p>Autostrada Biennale filloi nga vendlindja e saj, Prizreni, n\u00eb vitin 2014 (edicioni i par\u00eb n\u00eb 2017) themeluar nga nj\u00eb ndjenj\u00eb e munges\u00ebs dhe nevoj\u00ebs p\u00ebr m\u00eb shum\u00eb shk\u00ebmbim kulturor n\u00eb rajon, si dhe p\u00ebr hapje ndaj bot\u00ebs. Ajo u form\u00ebsua si nj\u00eb pik\u00eb lidh\u00ebse dhe si nj\u00eb rrug\u00eb n\u00eb hart\u00ebn e Ballkanit Per\u00ebndimor. <\/p>\n<p>Pandemia na ka b\u00ebr\u00eb q\u00eb t\u2019a rimendojm\u00eb modelin e bienales dhe p\u00ebr k\u00ebt\u00eb ne jemi shum\u00eb entuziast\u00eb p\u00ebr t\u2019i zgjeruar aktivitetet tona n\u00eb tre qytete, duke punuar k\u00ebshtu edhe m\u00eb tej me identitetin ton\u00eb: shum\u00eb lokal dhe shum\u00eb t\u00eb nd\u00ebrlidhur.<\/p>\n<p>\u201cEdicioni i ardhsh\u00ebm i Autostrada Biennale do t\u00eb bazohet n\u00eb nj\u00eb model infrastrukture, form\u00eb t\u00eb \u201ctakimit t\u00eb verb\u00ebr\u201d midis interesave, d\u00ebshirave dhe shpresave paralele&#8221; shkruajn\u00eb \u00d6v\u00fcl \u00d6. Durmu\u015fo\u011flu dhe Joanna Warsza. \u201cNe shpresojm\u00eb t\u2019a p\u00ebrforcojm\u00eb rolin e bienales p\u00ebrmes nd\u00ebrtimit t\u00eb nj\u00eb infrastrukture t\u00eb but\u00eb n\u00eb Kosov\u00eb, duke mb\u00ebshtetur k\u00ebshtu komunitetin si dhe solidaritetin translokal n\u00eb koh\u00eb t\u00eb izolimit t\u00eb dyfisht\u00eb.\u201d<\/p>\n<p>Edicioni i ardhsh\u00ebm i Autostrada Biennale do t\u00eb paraqitet n\u00eb form\u00eb analoge dhe digjitale t\u00eb infrastruktur\u00ebs s\u00eb but\u00eb, me art, performanca, pjes\u00eb bisedash, lexime, skulptura dhe forma t\u00eb tjera t\u00eb artit dhe jet\u00ebs n\u00eb ver\u00ebn e 2021.<\/p>\n<p>Shihemi vitin e ardhsh\u00ebm p\u00ebr t\u00eb ndar\u00eb vizionet krijuese dhe frym\u00ebzuese t\u00eb artist\u00ebve dhe kurator\u00ebve nga Kosova, rajoni dhe m\u00eb gjer\u00eb.<\/p>\n","protected":false},"excerpt":{"rendered":"<p>PRIZREN &#8211; Bienalja Nd\u00ebrkomb\u00ebtare e Artit Bashk\u00ebkohor &#8220;Autostrada Biennale III\u201d do t\u00eb mbahet nga 17 korriku deri m\u00eb 11 shtator t\u00eb vitit 2021, me vepra arti n\u00eb Prizren, Prishtin\u00eb dhe Pej\u00eb. Nuk ka qen\u00eb nj\u00eb vit i leht\u00eb p\u00ebr shum\u00eb prej nesh. Megjithat\u00eb, arti na jep shpres\u00eb dhe strukturim p\u00ebr t\u00eb ardhmen. Ne d\u00ebshirojm\u00eb t\u00eb [&hellip;]<\/p>\n","protected":false},"author":1,"featured_media":61657,"comment_status":"open","ping_status":"open","sticky":false,"template":"","format":"standard","meta":{"footnotes":""},"categories":[4,22],"tags":[5576,41],"class_list":["post-61656","post","type-post","status-publish","format-standard","has-post-thumbnail","hentry","category-kulture","category-prizren","tag-autostrada-biennale","tag-prizren"],"_links":{"self":[{"href":"https:\/\/prizrenpost.com\/al\/wp-json\/wp\/v2\/posts\/61656","targetHints":{"allow":["GET"]}}],"collection":[{"href":"https:\/\/prizrenpost.com\/al\/wp-json\/wp\/v2\/posts"}],"about":[{"href":"https:\/\/prizrenpost.com\/al\/wp-json\/wp\/v2\/types\/post"}],"author":[{"embeddable":true,"href":"https:\/\/prizrenpost.com\/al\/wp-json\/wp\/v2\/users\/1"}],"replies":[{"embeddable":true,"href":"https:\/\/prizrenpost.com\/al\/wp-json\/wp\/v2\/comments?post=61656"}],"version-history":[{"count":1,"href":"https:\/\/prizrenpost.com\/al\/wp-json\/wp\/v2\/posts\/61656\/revisions"}],"predecessor-version":[{"id":61658,"href":"https:\/\/prizrenpost.com\/al\/wp-json\/wp\/v2\/posts\/61656\/revisions\/61658"}],"wp:featuredmedia":[{"embeddable":true,"href":"https:\/\/prizrenpost.com\/al\/wp-json\/wp\/v2\/media\/61657"}],"wp:attachment":[{"href":"https:\/\/prizrenpost.com\/al\/wp-json\/wp\/v2\/media?parent=61656"}],"wp:term":[{"taxonomy":"category","embeddable":true,"href":"https:\/\/prizrenpost.com\/al\/wp-json\/wp\/v2\/categories?post=61656"},{"taxonomy":"post_tag","embeddable":true,"href":"https:\/\/prizrenpost.com\/al\/wp-json\/wp\/v2\/tags?post=61656"}],"curies":[{"name":"wp","href":"https:\/\/api.w.org\/{rel}","templated":true}]}}