{"id":61662,"date":"2020-12-24T13:04:48","date_gmt":"2020-12-24T12:04:48","guid":{"rendered":"https:\/\/prizrenpost.com\/al\/?p=61662"},"modified":"2021-06-25T17:05:31","modified_gmt":"2021-06-25T15:05:31","slug":"vjosa-beri-propagande-ne-tirane-per-te-fituar-vota-ne-kosove","status":"publish","type":"post","link":"https:\/\/prizrenpost.com\/al\/vjosa-beri-propagande-ne-tirane-per-te-fituar-vota-ne-kosove\/","title":{"rendered":"Vjosa b\u00ebri propagand\u00eb n\u00eb Tiran\u00eb p\u00ebr t\u00eb fituar vota n\u00eb Kosov\u00eb"},"content":{"rendered":"<p><img decoding=\"async\" src=\"https:\/\/prizrenpost.com\/al\/wp-content\/uploads\/2020\/12\/2DBA0E32-45DA-49DE-9251-8DAAF9D1BB02.png\" alt=\"\" width=\"100%\" height=\"\" class=\"alignleft size-full wp-image-61663\" srcset=\"https:\/\/prizrenpost.com\/al\/wp-content\/uploads\/2020\/12\/2DBA0E32-45DA-49DE-9251-8DAAF9D1BB02.png 780w, https:\/\/prizrenpost.com\/al\/wp-content\/uploads\/2020\/12\/2DBA0E32-45DA-49DE-9251-8DAAF9D1BB02-300x169.png 300w, https:\/\/prizrenpost.com\/al\/wp-content\/uploads\/2020\/12\/2DBA0E32-45DA-49DE-9251-8DAAF9D1BB02-768x432.png 768w\" sizes=\"(max-width: 780px) 100vw, 780px\" \/><\/p>\n<p><strong>TIRAN\u00cb &#8211; Kryeministri Edi Rama gjat\u00eb konferenc\u00ebs \u201cEkonomia n\u00eb Fokus\u201d komentoi edhe vizit\u00ebn e Vjosa Osmanit n\u00eb Tiran\u00eb.<\/strong><\/p>\n<p>Rama tha se nj\u00eb presidente n\u00eb detyr\u00eb u shfaq duke b\u00ebr\u00eb politik\u00eb t\u00eb brendshme t\u00eb Kosov\u00ebs.<\/p>\n<p>Sipas tij politika rajonale e Kosov\u00ebs \u00ebsht\u00eb b\u00ebr\u00eb si kalaja e Rozaf\u00ebs.<\/p>\n<p>Rama m\u00eb tej sulmoi drejtp\u00ebrdrejt Vjosa Osmanin, pasi tha se b\u00ebri propagand\u00eb n\u00eb Tiran\u00eb p\u00ebr t\u00eb fituar vota n\u00eb Kosov\u00eb.<\/p>\n<p>\u201cNj\u00eb presidente n\u00eb detyr\u00eb t\u00eb shfaqet n\u00eb Shqip\u00ebri dhe t\u00eb b\u00ebj\u00eb nj\u00eb politik\u00eb t\u00eb brendshme. Paraqitet trau i pages\u00ebs s\u00eb rrug\u00ebs si kufi, kjo \u00ebsht\u00eb t\u00eb b\u00ebsh politik\u00eb t\u00eb brendshme me nj\u00eb \u00e7\u00ebshtje administrative t\u00eb vendit fqinj dhe t\u00eb vish dhe t\u00eb b\u00ebsh propagand\u00eb n\u00eb Tiran\u00eb, p\u00ebr t\u00eb fituar vota n\u00eb Kosov\u00eb. Ai tra atje nuk \u00ebsht\u00eb kufi, sikund\u00ebr trau me pages\u00eb q\u00eb do t\u00eb vihet nes\u00ebr n\u00eb rrug\u00ebn Milot-Fier\u201d, u shpreh Rama, shkruan EuroNews. <\/p>\n","protected":false},"excerpt":{"rendered":"<p>TIRAN\u00cb &#8211; Kryeministri Edi Rama gjat\u00eb konferenc\u00ebs \u201cEkonomia n\u00eb Fokus\u201d komentoi edhe vizit\u00ebn e Vjosa Osmanit n\u00eb Tiran\u00eb. Rama tha se nj\u00eb presidente n\u00eb detyr\u00eb u shfaq duke b\u00ebr\u00eb politik\u00eb t\u00eb brendshme t\u00eb Kosov\u00ebs. Sipas tij politika rajonale e Kosov\u00ebs \u00ebsht\u00eb b\u00ebr\u00eb si kalaja e Rozaf\u00ebs. Rama m\u00eb tej sulmoi drejtp\u00ebrdrejt Vjosa Osmanin, pasi tha [&hellip;]<\/p>\n","protected":false},"author":1,"featured_media":61663,"comment_status":"open","ping_status":"open","sticky":false,"template":"","format":"standard","meta":{"footnotes":""},"categories":[1],"tags":[3803,369,287,370,2366],"class_list":["post-61662","post","type-post","status-publish","format-standard","has-post-thumbnail","hentry","category-lajme","tag-aktuale","tag-edi-rama","tag-kosova","tag-shqiperia","tag-vjosa-osmani"],"_links":{"self":[{"href":"https:\/\/prizrenpost.com\/al\/wp-json\/wp\/v2\/posts\/61662","targetHints":{"allow":["GET"]}}],"collection":[{"href":"https:\/\/prizrenpost.com\/al\/wp-json\/wp\/v2\/posts"}],"about":[{"href":"https:\/\/prizrenpost.com\/al\/wp-json\/wp\/v2\/types\/post"}],"author":[{"embeddable":true,"href":"https:\/\/prizrenpost.com\/al\/wp-json\/wp\/v2\/users\/1"}],"replies":[{"embeddable":true,"href":"https:\/\/prizrenpost.com\/al\/wp-json\/wp\/v2\/comments?post=61662"}],"version-history":[{"count":1,"href":"https:\/\/prizrenpost.com\/al\/wp-json\/wp\/v2\/posts\/61662\/revisions"}],"predecessor-version":[{"id":61664,"href":"https:\/\/prizrenpost.com\/al\/wp-json\/wp\/v2\/posts\/61662\/revisions\/61664"}],"wp:featuredmedia":[{"embeddable":true,"href":"https:\/\/prizrenpost.com\/al\/wp-json\/wp\/v2\/media\/61663"}],"wp:attachment":[{"href":"https:\/\/prizrenpost.com\/al\/wp-json\/wp\/v2\/media?parent=61662"}],"wp:term":[{"taxonomy":"category","embeddable":true,"href":"https:\/\/prizrenpost.com\/al\/wp-json\/wp\/v2\/categories?post=61662"},{"taxonomy":"post_tag","embeddable":true,"href":"https:\/\/prizrenpost.com\/al\/wp-json\/wp\/v2\/tags?post=61662"}],"curies":[{"name":"wp","href":"https:\/\/api.w.org\/{rel}","templated":true}]}}