{"id":61674,"date":"2020-12-24T21:33:39","date_gmt":"2020-12-24T20:33:39","guid":{"rendered":"https:\/\/prizrenpost.com\/al\/?p=61674"},"modified":"2021-06-25T17:05:31","modified_gmt":"2021-06-25T15:05:31","slug":"osmani-do-ta-caktoj-daten-e-zgjedhjeve-menjehere-sapo-aktgjykimi-i-kushtetueses-te-hyje-ne-fuqi","status":"publish","type":"post","link":"https:\/\/prizrenpost.com\/al\/osmani-do-ta-caktoj-daten-e-zgjedhjeve-menjehere-sapo-aktgjykimi-i-kushtetueses-te-hyje-ne-fuqi\/","title":{"rendered":"Osmani: Do ta caktoj dat\u00ebn e zgjedhjeve, menj\u00ebher\u00eb sapo Aktgjykimi i Kushtetueses t\u00eb hyj\u00eb n\u00eb fuqi"},"content":{"rendered":"<p><img decoding=\"async\" src=\"https:\/\/prizrenpost.com\/al\/wp-content\/uploads\/2020\/12\/vjosa-osmani.jpg\" alt=\"\" width=\"100%\" height=\"\" class=\"alignleft size-full wp-image-61675\" srcset=\"https:\/\/prizrenpost.com\/al\/wp-content\/uploads\/2020\/12\/vjosa-osmani.jpg 1340w, https:\/\/prizrenpost.com\/al\/wp-content\/uploads\/2020\/12\/vjosa-osmani-300x212.jpg 300w, https:\/\/prizrenpost.com\/al\/wp-content\/uploads\/2020\/12\/vjosa-osmani-1024x723.jpg 1024w, https:\/\/prizrenpost.com\/al\/wp-content\/uploads\/2020\/12\/vjosa-osmani-768x542.jpg 768w\" sizes=\"(max-width: 1340px) 100vw, 1340px\" \/><\/p>\n<p><strong>PRISHTIN\u00cb &#8211; U.d e  presidentes s\u00eb Kosov\u00ebs, Vjosa Osmani, ka pritur sot n\u00eb takim kryetaren e Komisionit Qendror t\u00eb Zgjedhjeve, Valdete Daka.<\/strong><\/p>\n<p>N\u00eb njoftimin e b\u00ebr\u00eb nga presidenca thuhet se n\u00eb k\u00ebt\u00eb takim u diskutua lidhur me p\u00ebrgatitjet e KQZ-s\u00eb p\u00ebr organizimin e zgjedhjeve t\u00eb parakohshme p\u00ebr Kuvendin e Republik\u00ebs s\u00eb Kosov\u00ebs, pas rrethanave t\u00eb krijuara nga njoftimi p\u00ebr Aktgjykimin e Gjykat\u00ebs Kushtetuese, transmeton Telegrafi.<\/p>\n<p>\u201cU.d. Presidentja Osmani diskutoi me Daka lidhur me takimet preliminare t\u00eb zhvilluara me subjektet politike, dhe e njoftoi se ajo do ta caktoj\u00eb dat\u00ebn e zgjedhjeve menj\u00ebher\u00eb sapo Aktgjykimi i Kushtetueses t\u00eb hyj\u00eb n\u00eb fuqi, pas dor\u00ebzimit tek pal\u00ebt. U.d. Presidentja potencoi r\u00ebnd\u00ebsin\u00eb e veprimeve t\u00eb shpejta p\u00ebr procesin e votimit p\u00ebr qytetar\u00ebt e vendit t\u00eb cil\u00ebt jetojn\u00eb n\u00eb m\u00ebrgat\u00eb\u201d, thuhet n\u00eb njoftim.<\/p>\n<p>Sipas u.d. Presidentes Osmani, bashkatdhetar\u00ebve tan\u00eb duhet t`u ofrohet sa m\u00eb shpejt\u00eb mund\u00ebsia p\u00ebr t`u regjistruar p\u00ebr votim, n\u00eb m\u00ebnyr\u00eb q\u00eb t\u00eb ken\u00eb koh\u00eb t\u00eb mjaftueshme q\u00eb votat e tyre t\u00eb arrijn\u00eb n\u00eb KQZ sipas afatit t\u00eb parapar\u00eb.<\/p>\n<p>Theksojm\u00eb se Osmani p\u00ebr dy dit\u00eb radhazi ka takuar lider\u00ebt e partive politike n\u00eb Kosov\u00eb ku kan\u00eb diskutuar p\u00ebr zgjedhje.<\/p>\n","protected":false},"excerpt":{"rendered":"<p>PRISHTIN\u00cb &#8211; U.d e presidentes s\u00eb Kosov\u00ebs, Vjosa Osmani, ka pritur sot n\u00eb takim kryetaren e Komisionit Qendror t\u00eb Zgjedhjeve, Valdete Daka. N\u00eb njoftimin e b\u00ebr\u00eb nga presidenca thuhet se n\u00eb k\u00ebt\u00eb takim u diskutua lidhur me p\u00ebrgatitjet e KQZ-s\u00eb p\u00ebr organizimin e zgjedhjeve t\u00eb parakohshme p\u00ebr Kuvendin e Republik\u00ebs s\u00eb Kosov\u00ebs, pas rrethanave t\u00eb [&hellip;]<\/p>\n","protected":false},"author":1,"featured_media":61675,"comment_status":"open","ping_status":"open","sticky":false,"template":"","format":"standard","meta":{"footnotes":""},"categories":[1],"tags":[3803,48,3349,2366,1143],"class_list":["post-61674","post","type-post","status-publish","format-standard","has-post-thumbnail","hentry","category-lajme","tag-aktuale","tag-kosove","tag-valdete-daka","tag-vjosa-osmani","tag-zgjedhjet"],"_links":{"self":[{"href":"https:\/\/prizrenpost.com\/al\/wp-json\/wp\/v2\/posts\/61674","targetHints":{"allow":["GET"]}}],"collection":[{"href":"https:\/\/prizrenpost.com\/al\/wp-json\/wp\/v2\/posts"}],"about":[{"href":"https:\/\/prizrenpost.com\/al\/wp-json\/wp\/v2\/types\/post"}],"author":[{"embeddable":true,"href":"https:\/\/prizrenpost.com\/al\/wp-json\/wp\/v2\/users\/1"}],"replies":[{"embeddable":true,"href":"https:\/\/prizrenpost.com\/al\/wp-json\/wp\/v2\/comments?post=61674"}],"version-history":[{"count":1,"href":"https:\/\/prizrenpost.com\/al\/wp-json\/wp\/v2\/posts\/61674\/revisions"}],"predecessor-version":[{"id":61676,"href":"https:\/\/prizrenpost.com\/al\/wp-json\/wp\/v2\/posts\/61674\/revisions\/61676"}],"wp:featuredmedia":[{"embeddable":true,"href":"https:\/\/prizrenpost.com\/al\/wp-json\/wp\/v2\/media\/61675"}],"wp:attachment":[{"href":"https:\/\/prizrenpost.com\/al\/wp-json\/wp\/v2\/media?parent=61674"}],"wp:term":[{"taxonomy":"category","embeddable":true,"href":"https:\/\/prizrenpost.com\/al\/wp-json\/wp\/v2\/categories?post=61674"},{"taxonomy":"post_tag","embeddable":true,"href":"https:\/\/prizrenpost.com\/al\/wp-json\/wp\/v2\/tags?post=61674"}],"curies":[{"name":"wp","href":"https:\/\/api.w.org\/{rel}","templated":true}]}}