{"id":6289,"date":"2014-04-25T10:18:28","date_gmt":"2014-04-25T08:18:28","guid":{"rendered":"http:\/\/prizrenpost.com\/al\/?p=6289"},"modified":"2021-02-20T23:27:54","modified_gmt":"2021-02-20T22:27:54","slug":"gjysma-e-kosoves-ne-diaspore","status":"publish","type":"post","link":"https:\/\/prizrenpost.com\/al\/gjysma-e-kosoves-ne-diaspore\/","title":{"rendered":"Gjysma e Kosov\u00ebs n\u00eb diaspor\u00eb!"},"content":{"rendered":"<p><img decoding=\"async\" src=\"https:\/\/prizrenpost.com\/al\/wp-content\/uploads\/2019\/07\/prizren-post-logo-lajme.png\" alt=\"\" width=\"100%\" height=\"\" class=\"alignleft size-full wp-image-55903\" srcset=\"https:\/\/prizrenpost.com\/al\/wp-content\/uploads\/2019\/07\/prizren-post-logo-lajme.png 1000w, https:\/\/prizrenpost.com\/al\/wp-content\/uploads\/2019\/07\/prizren-post-logo-lajme-300x150.png 300w, https:\/\/prizrenpost.com\/al\/wp-content\/uploads\/2019\/07\/prizren-post-logo-lajme-768x384.png 768w\" sizes=\"(max-width: 1000px) 100vw, 1000px\" \/><\/p>\n<p><strong>Prishtin\u00eb, 25 prill &#8211; Shteti gjerman edhe pas luft\u00ebs mbetet vendi m\u00eb i preferuar i kosovar\u00ebve p\u00ebr t\u00eb k\u00ebrkuar nj\u00eb jet\u00eb m\u00eb t\u00eb mir\u00eb. Me nj\u00eb p\u00ebrqindje prej 35.25 (p\u00ebr qind), Gjermania q\u00ebndron n\u00eb krye t\u00eb list\u00ebs t\u00eb shteteve per\u00ebndimore ku diaspora e Kosov\u00ebs \u00ebsht\u00eb e vendosur.<\/strong><\/p>\n<p>Sipas t\u00eb dh\u00ebnave t\u00eb Agjencis\u00eb s\u00eb Statistikave t\u00eb Kosov\u00ebs (ASK) nga viti 1969 e deri n\u00eb vitin 2011, numri i t\u00eb emigruarve nga Kosova ka arritur n\u00eb 550 mij\u00eb. Emigrimi m\u00eb i madh jasht\u00eb vendit, bazuar n\u00eb raportin \u201cMigrimi kosovar 2011\u201d , t\u00eb publikuar t\u00eb enjten nga ASK-ja, theksohet se ka ndodhur gjat\u00eb viteve 1998-1999&#8230;(Shkrimin e plot\u00eb mund ta lexoni n\u00eb numrin e sot\u00ebm t\u00eb gazet\u00ebs Z\u00ebri)<\/p>\n","protected":false},"excerpt":{"rendered":"<p>Prishtin\u00eb, 25 prill &#8211; Shteti gjerman edhe pas luft\u00ebs mbetet vendi m\u00eb i preferuar i kosovar\u00ebve p\u00ebr t\u00eb k\u00ebrkuar nj\u00eb jet\u00eb m\u00eb t\u00eb mir\u00eb. Me nj\u00eb p\u00ebrqindje prej 35.25 (p\u00ebr qind), Gjermania q\u00ebndron n\u00eb krye t\u00eb list\u00ebs t\u00eb shteteve per\u00ebndimore ku diaspora e Kosov\u00ebs \u00ebsht\u00eb e vendosur. Sipas t\u00eb dh\u00ebnave t\u00eb Agjencis\u00eb s\u00eb Statistikave t\u00eb [&hellip;]<\/p>\n","protected":false},"author":1,"featured_media":55903,"comment_status":"open","ping_status":"open","sticky":false,"template":"","format":"standard","meta":{"footnotes":""},"categories":[1],"tags":[311,812],"class_list":["post-6289","post","type-post","status-publish","format-standard","has-post-thumbnail","hentry","category-lajme","tag-gjermania","tag-kosovaret"],"_links":{"self":[{"href":"https:\/\/prizrenpost.com\/al\/wp-json\/wp\/v2\/posts\/6289","targetHints":{"allow":["GET"]}}],"collection":[{"href":"https:\/\/prizrenpost.com\/al\/wp-json\/wp\/v2\/posts"}],"about":[{"href":"https:\/\/prizrenpost.com\/al\/wp-json\/wp\/v2\/types\/post"}],"author":[{"embeddable":true,"href":"https:\/\/prizrenpost.com\/al\/wp-json\/wp\/v2\/users\/1"}],"replies":[{"embeddable":true,"href":"https:\/\/prizrenpost.com\/al\/wp-json\/wp\/v2\/comments?post=6289"}],"version-history":[{"count":1,"href":"https:\/\/prizrenpost.com\/al\/wp-json\/wp\/v2\/posts\/6289\/revisions"}],"predecessor-version":[{"id":63158,"href":"https:\/\/prizrenpost.com\/al\/wp-json\/wp\/v2\/posts\/6289\/revisions\/63158"}],"wp:featuredmedia":[{"embeddable":true,"href":"https:\/\/prizrenpost.com\/al\/wp-json\/wp\/v2\/media\/55903"}],"wp:attachment":[{"href":"https:\/\/prizrenpost.com\/al\/wp-json\/wp\/v2\/media?parent=6289"}],"wp:term":[{"taxonomy":"category","embeddable":true,"href":"https:\/\/prizrenpost.com\/al\/wp-json\/wp\/v2\/categories?post=6289"},{"taxonomy":"post_tag","embeddable":true,"href":"https:\/\/prizrenpost.com\/al\/wp-json\/wp\/v2\/tags?post=6289"}],"curies":[{"name":"wp","href":"https:\/\/api.w.org\/{rel}","templated":true}]}}