{"id":63385,"date":"2021-03-01T20:49:00","date_gmt":"2021-03-01T19:49:00","guid":{"rendered":"https:\/\/prizrenpost.com\/al\/?p=63385"},"modified":"2021-06-25T17:06:29","modified_gmt":"2021-06-25T15:06:29","slug":"dialogu-nuk-eshte-prioriteti-i-pare-as-i-dyte","status":"publish","type":"post","link":"https:\/\/prizrenpost.com\/al\/dialogu-nuk-eshte-prioriteti-i-pare-as-i-dyte\/","title":{"rendered":"Dialogu nuk \u00ebsht\u00eb prioriteti i par\u00eb as i dyt\u00eb"},"content":{"rendered":"<p><img decoding=\"async\" src=\"https:\/\/prizrenpost.com\/al\/wp-content\/uploads\/2021\/02\/mmm-780x439-1.jpg\" alt=\"\" width=\"100%\" height=\"\" class=\"alignleft size-full wp-image-63077\" srcset=\"https:\/\/prizrenpost.com\/al\/wp-content\/uploads\/2021\/02\/mmm-780x439-1.jpg 780w, https:\/\/prizrenpost.com\/al\/wp-content\/uploads\/2021\/02\/mmm-780x439-1-300x169.jpg 300w, https:\/\/prizrenpost.com\/al\/wp-content\/uploads\/2021\/02\/mmm-780x439-1-768x432.jpg 768w\" sizes=\"(max-width: 780px) 100vw, 780px\" \/><\/p>\n<p><strong>PRISHTIN\u00cb &#8211; Kryetari i L\u00ebvizjes Vet\u00ebvendosje, Albin Kurti, duke folur pas takimit me P\u00ebrfaq\u00ebsuesin Special t\u00eb BE-s\u00eb, Miroslav Laj\u00e7ak, ka th\u00ebn\u00eb se dialogu me Serbin\u00eb nuk mund t\u00eb jet\u00eb prioriteti i par\u00eb ose i dyt\u00eb.<\/strong><\/p>\n<p>Kurti ka th\u00ebn\u00eb se nuk e mohon r\u00ebnd\u00ebsin\u00eb e dialogut me Serbin\u00eb, por ai duhet t\u00eb jet\u00eb i p\u00ebrgatitur mir\u00eb dhe i sinqert\u00eb.<\/p>\n<p>Lideri i LVV tha se Laj\u00e7ak e ka informuar me procesin e dialogut n\u00eb p\u00ebrgjith\u00ebsi.<\/p>\n<p>\u201cUn\u00eb shpjegova edhe nj\u00eb her\u00eb q\u00eb ne i kemi fituar k\u00ebto zgjedhje me programin ton\u00eb q\u00eb p\u00ebrqendrohet te drejt\u00ebsia dhe pun\u00ebsimi, se jemi n\u00eb kushtet e pandemis\u00eb COVID-19, dhe se nuk jemi kund\u00ebr dialogut, por e duam parimor dhe t\u00eb p\u00ebrgatitur mir\u00eb\u201d, ka th\u00ebn\u00eb Kurti, p\u00ebrcjell Klan Kosova.<\/p>\n<p>Kurti \u00ebsht\u00eb pyetur n\u00ebse dialogu me Serbin\u00eb do t\u00eb jet\u00eb prioritet i tij i par\u00eb, kur ai t\u00eb jet\u00eb n\u00eb krye t\u00eb Qeveris\u00eb s\u00eb Kosov\u00ebs.<\/p>\n<p>\u201cNuk mund t\u00eb jet\u00eb prioriteti i par\u00eb ose i dyt\u00eb, sepse jan\u00eb drejt\u00ebsia dhe pun\u00ebsimi. Nuk e mohoj r\u00ebnd\u00ebsin\u00eb e dialogut \u2013 edhe p\u00ebr BE-n\u00eb, Kosov\u00ebn dhe Serbin\u00eb dhe rajonin, por m\u00eb e r\u00ebnd\u00ebsishmja \u00ebsht\u00eb q\u00eb ky dialog t\u00eb jet\u00eb i p\u00ebrgatitur mir\u00eb. T\u00eb jet\u00eb dialog i sinqert\u00eb n\u00eb t\u00eb cilin nuk jemi n\u00eb presionin e koh\u00ebs, por jemi me p\u00ebrkushtimin p\u00ebr substanc\u00eb\u201d,tha Kurti.<\/p>\n<p>Ai ka mohuar t\u00eb ket\u00eb diskutuar p\u00ebr \u00e7\u00ebshtjen e hart\u00ebs s\u00eb BE-s\u00eb, e cila e shfaq Kosov\u00ebn si pjes\u00eb t\u00eb Serbis\u00eb<\/p>\n<p>Ndryshe, Mirosllav Laj\u00e7ak t\u00eb mart\u00ebn n\u00eb m\u00ebngjes do t\u00eb takohet edhe me ushtruesen e detyr\u00ebs s\u00eb presidentes, Vjosa Osmanin. Pas takimit, do t\u00eb mbahet nj\u00eb konferenc\u00eb p\u00ebr media n\u00eb hollin e Kuvendit t\u00eb Kosov\u00ebs.<\/p>\n","protected":false},"excerpt":{"rendered":"<p>PRISHTIN\u00cb &#8211; Kryetari i L\u00ebvizjes Vet\u00ebvendosje, Albin Kurti, duke folur pas takimit me P\u00ebrfaq\u00ebsuesin Special t\u00eb BE-s\u00eb, Miroslav Laj\u00e7ak, ka th\u00ebn\u00eb se dialogu me Serbin\u00eb nuk mund t\u00eb jet\u00eb prioriteti i par\u00eb ose i dyt\u00eb. Kurti ka th\u00ebn\u00eb se nuk e mohon r\u00ebnd\u00ebsin\u00eb e dialogut me Serbin\u00eb, por ai duhet t\u00eb jet\u00eb i p\u00ebrgatitur mir\u00eb [&hellip;]<\/p>\n","protected":false},"author":1,"featured_media":63077,"comment_status":"open","ping_status":"open","sticky":false,"template":"","format":"standard","meta":{"footnotes":""},"categories":[1],"tags":[3803,877,4266,48,5863],"class_list":["post-63385","post","type-post","status-publish","format-standard","has-post-thumbnail","hentry","category-lajme","tag-aktuale","tag-albin-kurti","tag-dialogu-kosove-serbi","tag-kosove","tag-miroslav-lajcak"],"_links":{"self":[{"href":"https:\/\/prizrenpost.com\/al\/wp-json\/wp\/v2\/posts\/63385","targetHints":{"allow":["GET"]}}],"collection":[{"href":"https:\/\/prizrenpost.com\/al\/wp-json\/wp\/v2\/posts"}],"about":[{"href":"https:\/\/prizrenpost.com\/al\/wp-json\/wp\/v2\/types\/post"}],"author":[{"embeddable":true,"href":"https:\/\/prizrenpost.com\/al\/wp-json\/wp\/v2\/users\/1"}],"replies":[{"embeddable":true,"href":"https:\/\/prizrenpost.com\/al\/wp-json\/wp\/v2\/comments?post=63385"}],"version-history":[{"count":3,"href":"https:\/\/prizrenpost.com\/al\/wp-json\/wp\/v2\/posts\/63385\/revisions"}],"predecessor-version":[{"id":63389,"href":"https:\/\/prizrenpost.com\/al\/wp-json\/wp\/v2\/posts\/63385\/revisions\/63389"}],"wp:featuredmedia":[{"embeddable":true,"href":"https:\/\/prizrenpost.com\/al\/wp-json\/wp\/v2\/media\/63077"}],"wp:attachment":[{"href":"https:\/\/prizrenpost.com\/al\/wp-json\/wp\/v2\/media?parent=63385"}],"wp:term":[{"taxonomy":"category","embeddable":true,"href":"https:\/\/prizrenpost.com\/al\/wp-json\/wp\/v2\/categories?post=63385"},{"taxonomy":"post_tag","embeddable":true,"href":"https:\/\/prizrenpost.com\/al\/wp-json\/wp\/v2\/tags?post=63385"}],"curies":[{"name":"wp","href":"https:\/\/api.w.org\/{rel}","templated":true}]}}