{"id":63445,"date":"2021-03-14T19:03:26","date_gmt":"2021-03-14T18:03:26","guid":{"rendered":"https:\/\/prizrenpost.com\/al\/?p=63445"},"modified":"2021-06-25T17:06:28","modified_gmt":"2021-06-25T15:06:28","slug":"mediat-boterore-shkruajne-rreth-hapjes-se-ambasades-se-kosoves-ne-jerusalem","status":"publish","type":"post","link":"https:\/\/prizrenpost.com\/al\/mediat-boterore-shkruajne-rreth-hapjes-se-ambasades-se-kosoves-ne-jerusalem\/","title":{"rendered":"Mediat bot\u00ebrore shkruajn\u00eb rreth hapjes s\u00eb Ambasad\u00ebs s\u00eb Kosov\u00ebs n\u00eb Jerusalem"},"content":{"rendered":"<p><img decoding=\"async\" src=\"https:\/\/prizrenpost.com\/al\/wp-content\/uploads\/2021\/03\/ambasada-jerusalem.jpeg\" alt=\"\" width=\"100%\" height=\"\" class=\"alignleft size-full wp-image-63446\" srcset=\"https:\/\/prizrenpost.com\/al\/wp-content\/uploads\/2021\/03\/ambasada-jerusalem.jpeg 780w, https:\/\/prizrenpost.com\/al\/wp-content\/uploads\/2021\/03\/ambasada-jerusalem-300x169.jpeg 300w, https:\/\/prizrenpost.com\/al\/wp-content\/uploads\/2021\/03\/ambasada-jerusalem-768x432.jpeg 768w\" sizes=\"(max-width: 780px) 100vw, 780px\" \/><\/p>\n<p><strong>JERUSALEM &#8211; Kosova ka hapur gjat\u00eb dit\u00ebs s\u00eb sotme ambasad\u00ebn e saj n\u00eb qytetin e Jerusalem, ashtu si\u00e7 ishte marr\u00eb vesh n\u00eb momentin e vendosjes s\u00eb marr\u00ebdh\u00ebnieve dimplomatike me shtetin e Izraelit.<\/strong><\/p>\n<p>\u201cKosova hapi ambasad\u00ebn e saj n\u00eb Izrael n\u00eb Jeruzalem t\u00eb diel\u00ebn, duke u bashkuar me Shtetet e Bashkuara dhe Guatemal\u00ebn, si vendet e vetme me ambasada n\u00eb nj\u00eb qytet, statusi i t\u00eb cilit \u00ebsht\u00eb n\u00eb zem\u00ebr t\u00eb konfliktit Izraelo-Palestinez\u201d, shkruan <a href=\"https:\/\/www.reuters.com\/article\/us-israel-kosovo-embassy\/kosovo-follows-u-s-guatemala-in-opening-embassy-in-jerusalem-idUSKBN2B60FG\" rel=\"noopener\" target=\"_blank\">reuters<\/a>.<\/p>\n<p>\u201cKosova ka hapur zyrtarisht ambasad\u00ebn e saj n\u00eb Jeruzalem pasi u b\u00eb territori i par\u00eb me shumic\u00eb myslimane q\u00eb njohu qytetin si kryeqytetin e Izraelit\u201d, ka shruar gazeta britanike <a href=\"https:\/\/www.theguardian.com\/world\/2021\/mar\/14\/kosovo-opens-embassy-in-jerusalem-after-israel-recognises-its-independence\" rel=\"noopener\" target=\"_blank\">theguardian<\/a>.<\/p>\n<p>Gjersa agjencia pro qeveritare turke, <a href=\"https:\/\/www.aa.com.tr\/en\/middle-east\/kosovo-opens-controversial-new-embassy-in-jerusalem\/2175668#\" rel=\"noopener\" target=\"_blank\">Anadolu Agency<\/a> ka raportuar se Kosova ka b\u00ebr\u00eb nj\u00eb l\u00ebvizje kund\u00ebrth\u00ebn\u00ebse me q\u00ebndrimin e shtetit t\u00eb Turqis\u00eb.<\/p>\n<p>\u201cMinistria e Jashtme e Kosov\u00ebs njoftoi t\u00eb diel\u00ebn se ka hapur zyrtarisht ambasad\u00ebn e saj n\u00eb Izrael n\u00eb qytetin e diskutuesh\u00ebm t\u00eb Jeruzalemit\u201d, shkruan <a href=\"https:\/\/apnews.com\/article\/europe-embassies-israel-kosovo-summits-451d3caf98fac4ed37abcd74e6815a8a\" rel=\"noopener\" target=\"_blank\">associatedpress<\/a>.<\/p>\n<p>\u201cKosova hap ambasad\u00ebn n\u00eb Jeruzalem, jav\u00eb pas vendosjes s\u00eb marr\u00ebdh\u00ebnieve me Izraelin\u201d, raporton radio <a href=\"https:\/\/www.rferl.org\/a\/kosovo-opens-embassy-in-jerusalem\/31150166.html\" rel=\"noopener\" target=\"_blank\">evropaelire<\/a>.<\/p>\n<p>Edhe p\u00ebrtej oqeanit, mediumi australian, <a href=\"https:\/\/www.canberratimes.com.au\/story\/7166471\/kosovo-opens-its-embassy-in-jerusalem\/\" rel=\"noopener\" target=\"_blank\">Canberra Times<\/a> raportoi se Ministria e Jashtme e Kosov\u00ebs ka hapur zyrtarisht ambasad\u00ebn e saj n\u00eb qytetin e diskutuesh\u00ebm t\u00eb Jeruzalemit.<\/p>\n<p>Gjersa dy prej mediumeve m\u00eb t\u00eb m\u00ebdha izraelite, <a href=\"https:\/\/www.timesofisrael.com\/liveblog_entry\/kosovo-officially-opens-israel-embassy-in-jerusalem\/\" rel=\"noopener\" target=\"_blank\">timesofisrael<\/a> dhe <a href=\"https:\/\/www.jpost.com\/israel-news\/kosovo-opens-embassy-in-jerusalem-661966?fbclid=IwAR1WAulylGBWSBrfUu9TtRzmF9FLyUW8esQIQpHRUo9IqS4SgjEXT1yrngI\" rel=\"noopener\" target=\"_blank\">jerusalempost<\/a>, shkruajn\u00eb se Kosova b\u00ebhet vendi i par\u00eb evropian dhe me shumic\u00eb myslimane q\u00eb hapi ambasad\u00ebn e saj n\u00eb Jerusalem, pas l\u00ebvizjeve t\u00eb ngjashme nga SHBA dhe Guatemala.<\/p>\n<p>Ndryshe, Kosova dhe Izraeli jav\u00eb m\u00eb par\u00eb kishin n\u00ebnshkruan marr\u00ebveshjen e vendosjes s\u00eb marr\u00ebdh\u00ebnieve diplomatike mes dyja vendeve, disa muaj pasi dyja shtetet kishin njohur nj\u00ebra-tjetr\u00ebn.<\/p>\n<p>Kjo u raportua gjer\u00ebsisht nga mediat nd\u00ebrkomb\u00ebtare, transmeton Telegrafi.<\/p>\n","protected":false},"excerpt":{"rendered":"<p>JERUSALEM &#8211; Kosova ka hapur gjat\u00eb dit\u00ebs s\u00eb sotme ambasad\u00ebn e saj n\u00eb qytetin e Jerusalem, ashtu si\u00e7 ishte marr\u00eb vesh n\u00eb momentin e vendosjes s\u00eb marr\u00ebdh\u00ebnieve dimplomatike me shtetin e Izraelit. \u201cKosova hapi ambasad\u00ebn e saj n\u00eb Izrael n\u00eb Jeruzalem t\u00eb diel\u00ebn, duke u bashkuar me Shtetet e Bashkuara dhe Guatemal\u00ebn, si vendet e [&hellip;]<\/p>\n","protected":false},"author":1,"featured_media":63446,"comment_status":"open","ping_status":"open","sticky":false,"template":"","format":"standard","meta":{"footnotes":""},"categories":[1],"tags":[3803,4950,1378,287],"class_list":["post-63445","post","type-post","status-publish","format-standard","has-post-thumbnail","hentry","category-lajme","tag-aktuale","tag-ambasada-e-kosoves","tag-izraeli","tag-kosova"],"_links":{"self":[{"href":"https:\/\/prizrenpost.com\/al\/wp-json\/wp\/v2\/posts\/63445","targetHints":{"allow":["GET"]}}],"collection":[{"href":"https:\/\/prizrenpost.com\/al\/wp-json\/wp\/v2\/posts"}],"about":[{"href":"https:\/\/prizrenpost.com\/al\/wp-json\/wp\/v2\/types\/post"}],"author":[{"embeddable":true,"href":"https:\/\/prizrenpost.com\/al\/wp-json\/wp\/v2\/users\/1"}],"replies":[{"embeddable":true,"href":"https:\/\/prizrenpost.com\/al\/wp-json\/wp\/v2\/comments?post=63445"}],"version-history":[{"count":1,"href":"https:\/\/prizrenpost.com\/al\/wp-json\/wp\/v2\/posts\/63445\/revisions"}],"predecessor-version":[{"id":63447,"href":"https:\/\/prizrenpost.com\/al\/wp-json\/wp\/v2\/posts\/63445\/revisions\/63447"}],"wp:featuredmedia":[{"embeddable":true,"href":"https:\/\/prizrenpost.com\/al\/wp-json\/wp\/v2\/media\/63446"}],"wp:attachment":[{"href":"https:\/\/prizrenpost.com\/al\/wp-json\/wp\/v2\/media?parent=63445"}],"wp:term":[{"taxonomy":"category","embeddable":true,"href":"https:\/\/prizrenpost.com\/al\/wp-json\/wp\/v2\/categories?post=63445"},{"taxonomy":"post_tag","embeddable":true,"href":"https:\/\/prizrenpost.com\/al\/wp-json\/wp\/v2\/tags?post=63445"}],"curies":[{"name":"wp","href":"https:\/\/api.w.org\/{rel}","templated":true}]}}