{"id":63461,"date":"2021-03-15T09:18:28","date_gmt":"2021-03-15T08:18:28","guid":{"rendered":"https:\/\/prizrenpost.com\/al\/?p=63461"},"modified":"2021-06-25T17:06:27","modified_gmt":"2021-06-25T15:06:27","slug":"mungesa-e-jotas-goditi-liverpoolin-aq-fort-sa-ajo-e-van-dijkut","status":"publish","type":"post","link":"https:\/\/prizrenpost.com\/al\/mungesa-e-jotas-goditi-liverpoolin-aq-fort-sa-ajo-e-van-dijkut\/","title":{"rendered":"Mungesa e Jotas goditi Liverpoolin aq fort sa ajo e Van Dijkut"},"content":{"rendered":"<p><img decoding=\"async\" src=\"https:\/\/prizrenpost.com\/al\/wp-content\/uploads\/2021\/03\/jota-klopp-van-dijk.jpeg\" alt=\"\" width=\"100%\" height=\"\" class=\"alignleft size-full wp-image-63462\" srcset=\"https:\/\/prizrenpost.com\/al\/wp-content\/uploads\/2021\/03\/jota-klopp-van-dijk.jpeg 700w, https:\/\/prizrenpost.com\/al\/wp-content\/uploads\/2021\/03\/jota-klopp-van-dijk-300x169.jpeg 300w\" sizes=\"(max-width: 700px) 100vw, 700px\" \/><\/p>\n<p><strong>Reprezentuesi portugez humbi gati tre muaj p\u00ebr shkak t\u00eb nj\u00eb d\u00ebmtimi n\u00eb gju dhe sezoni i Reds u prish pa njeriun prej 45 milion \u00a3.<\/strong><\/p>\n<p>Ishte loja q\u00eb Liverpool kishte pritur: nj\u00eb ndeshje me presion t\u00eb ul\u00ebt, pa asgj\u00eb m\u00eb shum\u00eb se krenaria.<\/p>\n<p>Nj\u00eb shans, n\u00eb mes t\u00eb k\u00ebtyre sezoneve m\u00eb rraskapit\u00ebse, p\u00ebr Jurgen Klopp t\u00eb pushoj\u00eb dhe t\u00eb rrotullohet, p\u00ebr t\u00eb b\u00ebr\u00eb ndryshime me shumic\u00eb pa pasur frik\u00eb nga kritika ose hakmarrja.<\/p>\n<p>Si\u00e7 doli, sidoqoft\u00eb, udh\u00ebtimi i Reds n\u00eb Lig\u00ebn e Kampion\u00ebve n\u00eb Midtjylland n\u00eb Dhjetor rezultoi i kushtuesh\u00ebm. Ata do t\u00eb liheshin duke ndjer\u00eb efektet e asaj gome t\u00eb ngordhur n\u00eb Danimark\u00eb p\u00ebr muaj m\u00eb pas.<\/p>\n<p>Kur vler\u00ebsoni betejat e Liverpool n\u00eb k\u00ebt\u00eb sezon, \u00ebsht\u00eb e v\u00ebshtir\u00eb t\u00eb shikosh vizit\u00ebn n\u00eb Everton n\u00eb tetor si dita q\u00eb gjith\u00e7ka ndryshoi.<\/p>\n<p>Por nd\u00ebrsa \u00ebsht\u00eb e v\u00ebrtet\u00eb q\u00eb d\u00ebmtimi i Virgil van Dijk ishte nj\u00eb goditje nga e cila skuadra e Klopp nuk \u00ebsht\u00eb rikuperuar kurr\u00eb, ishte humbja e Diogo Jota, shtat\u00eb jav\u00eb m\u00eb von\u00eb, e cila shpejtoi me t\u00eb v\u00ebrtet\u00eb r\u00ebnien e t\u00eb Kuqve.<\/p>\n<p>Reprezentuesi portugez kishte b\u00ebr\u00eb nj\u00eb fillim fluturues n\u00eb Merseyside, pas l\u00ebvizjes s\u00eb tij prej 45 milion paund nga Wolves n\u00eb shtator.<\/p>\n<p>Me n\u00ebnt\u00eb gola n\u00eb 17 paraqitjet e tij t\u00eb para, duke p\u00ebrfshir\u00eb nj\u00eb hat-trick t\u00eb shk\u00eblqyesh\u00ebm evropian ndaj Atalantas, 24-vje\u00e7ari kishte b\u00ebr\u00eb at\u00eb q\u00eb dukej e pamundur p\u00ebr kaq koh\u00eb &#8211; siguroi nj\u00eb alternativ\u00eb t\u00eb mir\u00ebfillt\u00eb, me cil\u00ebsi t\u00eb lart\u00eb, p\u00ebr tre p\u00ebrpar\u00ebshet e vendosura prej koh\u00ebsh t\u00eb Klopp.<\/p>\n<p>Pastaj erdhi d\u00ebmtimi, nj\u00eb problem i ligamentit t\u00eb gjurit u ngrit n\u00eb momentet e fundit t\u00eb nj\u00eb barazimi pa p\u00ebrshkrim 1-1 n\u00eb MCH Arena.<\/p>\n<p>Momenti u kontrollua, p\u00ebr lojtarin dhe shpejt, edhe p\u00ebr ekipin gjithashtu.<\/p>\n<p>Jota nuk do t\u00eb kthehej n\u00eb fush\u00eb deri m\u00eb 4 Mars. Pa t\u00eb, Liverpool luajti 15 ndeshje n\u00eb Premier League dhe fitoi vet\u00ebm pes\u00eb. Ata ishin favorit\u00eb e titullit n\u00eb Krishtlindje, por tani nuk jan\u00eb askund. Edhe nj\u00eb pik\u00eb e Europa League mund t\u00eb jet\u00eb p\u00ebrtej tyre n\u00eb k\u00ebt\u00eb faz\u00eb.<\/p>\n<p>T\u00eb h\u00ebn\u00ebn, ata p\u00ebrballen me Wolves n\u00eb Molineux. Jota pritet t\u00eb filloj\u00eb kund\u00ebr ish-klubit t\u00eb tij dhe duke pasur parasysh premtimin p\u00ebr performanc\u00ebn e tij n\u00eb fitoren e Lig\u00ebs s\u00eb Kampion\u00ebve ndaj RB Leipzig t\u00eb m\u00ebrkur\u00ebn, ky mund t\u00eb jet\u00eb vet\u00ebm nj\u00eb lajm i mir\u00eb p\u00ebr Klopp.<\/p>\n","protected":false},"excerpt":{"rendered":"<p>Reprezentuesi portugez humbi gati tre muaj p\u00ebr shkak t\u00eb nj\u00eb d\u00ebmtimi n\u00eb gju dhe sezoni i Reds u prish pa njeriun prej 45 milion \u00a3. Ishte loja q\u00eb Liverpool kishte pritur: nj\u00eb ndeshje me presion t\u00eb ul\u00ebt, pa asgj\u00eb m\u00eb shum\u00eb se krenaria. Nj\u00eb shans, n\u00eb mes t\u00eb k\u00ebtyre sezoneve m\u00eb rraskapit\u00ebse, p\u00ebr Jurgen Klopp [&hellip;]<\/p>\n","protected":false},"author":1,"featured_media":63462,"comment_status":"open","ping_status":"open","sticky":false,"template":"","format":"standard","meta":{"footnotes":""},"categories":[7],"tags":[5869,915,917],"class_list":["post-63461","post","type-post","status-publish","format-standard","has-post-thumbnail","hentry","category-sport","tag-diogo-jota","tag-liverpool","tag-premier-league"],"_links":{"self":[{"href":"https:\/\/prizrenpost.com\/al\/wp-json\/wp\/v2\/posts\/63461","targetHints":{"allow":["GET"]}}],"collection":[{"href":"https:\/\/prizrenpost.com\/al\/wp-json\/wp\/v2\/posts"}],"about":[{"href":"https:\/\/prizrenpost.com\/al\/wp-json\/wp\/v2\/types\/post"}],"author":[{"embeddable":true,"href":"https:\/\/prizrenpost.com\/al\/wp-json\/wp\/v2\/users\/1"}],"replies":[{"embeddable":true,"href":"https:\/\/prizrenpost.com\/al\/wp-json\/wp\/v2\/comments?post=63461"}],"version-history":[{"count":1,"href":"https:\/\/prizrenpost.com\/al\/wp-json\/wp\/v2\/posts\/63461\/revisions"}],"predecessor-version":[{"id":63463,"href":"https:\/\/prizrenpost.com\/al\/wp-json\/wp\/v2\/posts\/63461\/revisions\/63463"}],"wp:featuredmedia":[{"embeddable":true,"href":"https:\/\/prizrenpost.com\/al\/wp-json\/wp\/v2\/media\/63462"}],"wp:attachment":[{"href":"https:\/\/prizrenpost.com\/al\/wp-json\/wp\/v2\/media?parent=63461"}],"wp:term":[{"taxonomy":"category","embeddable":true,"href":"https:\/\/prizrenpost.com\/al\/wp-json\/wp\/v2\/categories?post=63461"},{"taxonomy":"post_tag","embeddable":true,"href":"https:\/\/prizrenpost.com\/al\/wp-json\/wp\/v2\/tags?post=63461"}],"curies":[{"name":"wp","href":"https:\/\/api.w.org\/{rel}","templated":true}]}}