{"id":63502,"date":"2021-03-27T19:34:14","date_gmt":"2021-03-27T18:34:14","guid":{"rendered":"https:\/\/prizrenpost.com\/al\/?p=63502"},"modified":"2021-06-25T17:06:26","modified_gmt":"2021-06-25T15:06:26","slug":"endrra-jone-eshte-te-kualifikohemi-dhe-ta-fitojme-kupen-e-botes","status":"publish","type":"post","link":"https:\/\/prizrenpost.com\/al\/endrra-jone-eshte-te-kualifikohemi-dhe-ta-fitojme-kupen-e-botes\/","title":{"rendered":"\u00cbndrra jon\u00eb \u00ebsht\u00eb t\u00eb kualifikohemi dhe ta fitojm\u00eb Kup\u00ebn e Bot\u00ebs"},"content":{"rendered":"<p><img decoding=\"async\" src=\"https:\/\/prizrenpost.com\/al\/wp-content\/uploads\/2021\/03\/Challandes-Zeneli.jpeg\" alt=\"\" width=\"100%\" height=\"\" class=\"alignleft size-full wp-image-63503\" srcset=\"https:\/\/prizrenpost.com\/al\/wp-content\/uploads\/2021\/03\/Challandes-Zeneli.jpeg 780w, https:\/\/prizrenpost.com\/al\/wp-content\/uploads\/2021\/03\/Challandes-Zeneli-300x169.jpeg 300w, https:\/\/prizrenpost.com\/al\/wp-content\/uploads\/2021\/03\/Challandes-Zeneli-768x432.jpeg 768w\" sizes=\"(max-width: 780px) 100vw, 780px\" \/><\/p>\n<p><strong>P\u00ebrzgjedh\u00ebsi i P\u00ebrfaq\u00ebsueses s\u00eb Kosov\u00ebs, Bernard Challandes ka folur n\u00eb konferenc\u00eb p\u00ebr shtyp para ndeshjes s\u00eb nes\u00ebrme (e diel) ndaj Suedis\u00eb n\u00eb kuad\u00ebr t\u00eb kualifikimeve p\u00ebr Kup\u00ebn e Bot\u00ebs \u201cKatar 2022\u201d.<\/strong><\/p>\n<p>Dardan\u00ebt e presin Suedin\u00eb n\u00eb stadiumin \u201cFadil Vokrri\u201d nga ora 20:45 n\u00eb ndeshjen hap\u00ebse p\u00ebr n\u00eb t\u00eb vlefshme p\u00ebr Grupin B.<\/p>\n<p>N\u00eb konferenc\u00ebn p\u00ebr shtyp t\u00eb mbajtur sot (e shtun\u00eb) ka folur Challandes, i cili e vler\u00ebson lart\u00eb kund\u00ebrshtarin e nes\u00ebrm.<\/p>\n<p>\u201cDuhet t\u00eb p\u00ebrmir\u00ebsojm\u00eb disa gabime, disa gabime individuale dhe t\u00eb organizimit. Suedia \u00ebsht\u00eb nj\u00eb skuad\u00ebr e fort\u00eb, edhe disa njer\u00ebz q\u00eb mendojn\u00eb q\u00eb nuk jan\u00eb t\u00eb fort\u00eb por un\u00eb mendoj q\u00eb ata kan\u00eb shum\u00eb kualitet, ata jan\u00eb nj\u00eb nd\u00ebr 20 skuadrat m\u00eb t\u00eb forta n\u00eb bot\u00eb\u201d, ka th\u00ebn\u00eb fillimisht Challandes n\u00eb konferenc\u00eb p\u00ebr shtyp.<\/p>\n<p>\u201cT\u00eb kualifikohemi n\u00eb Kup\u00ebn e Bot\u00ebs dhe ta fitojm\u00eb at\u00eb, kjo \u00ebsht\u00eb nj\u00eb \u00ebnd\u00ebrr p\u00ebr ne\u201d, u p\u00ebrgjigj fillimisht Challandes me shaka.<\/p>\n<p>\u201cUn\u00eb e p\u00ebrs\u00ebris, kurr\u00eb nuk kam q\u00ebllime, p\u00ebr mua q\u00ebllim \u00ebsht\u00eb vet\u00ebm paraqitja, si t\u00eb luajm\u00eb, si paraqitemi dhe si t\u00eb jemi kund\u00ebrshtar t\u00eb fort\u00eb. Kampionati bot\u00ebror \u00ebsht\u00eb shum\u00eb i v\u00ebshtir\u00eb, nuk po them se ne do t\u00eb shkojm\u00eb, por nuk po them se nuk kemi shanse\u201d, shkruan Telegrafi.<\/p>\n","protected":false},"excerpt":{"rendered":"<p>P\u00ebrzgjedh\u00ebsi i P\u00ebrfaq\u00ebsueses s\u00eb Kosov\u00ebs, Bernard Challandes ka folur n\u00eb konferenc\u00eb p\u00ebr shtyp para ndeshjes s\u00eb nes\u00ebrme (e diel) ndaj Suedis\u00eb n\u00eb kuad\u00ebr t\u00eb kualifikimeve p\u00ebr Kup\u00ebn e Bot\u00ebs \u201cKatar 2022\u201d. Dardan\u00ebt e presin Suedin\u00eb n\u00eb stadiumin \u201cFadil Vokrri\u201d nga ora 20:45 n\u00eb ndeshjen hap\u00ebse p\u00ebr n\u00eb t\u00eb vlefshme p\u00ebr Grupin B. N\u00eb konferenc\u00ebn p\u00ebr [&hellip;]<\/p>\n","protected":false},"author":1,"featured_media":63503,"comment_status":"open","ping_status":"open","sticky":false,"template":"","format":"standard","meta":{"footnotes":""},"categories":[7],"tags":[4650,287,4611,5872,3335],"class_list":["post-63502","post","type-post","status-publish","format-standard","has-post-thumbnail","hentry","category-sport","tag-bernard-challandes","tag-kosova","tag-perfaqesuesja","tag-qatar-2022","tag-suedia"],"_links":{"self":[{"href":"https:\/\/prizrenpost.com\/al\/wp-json\/wp\/v2\/posts\/63502","targetHints":{"allow":["GET"]}}],"collection":[{"href":"https:\/\/prizrenpost.com\/al\/wp-json\/wp\/v2\/posts"}],"about":[{"href":"https:\/\/prizrenpost.com\/al\/wp-json\/wp\/v2\/types\/post"}],"author":[{"embeddable":true,"href":"https:\/\/prizrenpost.com\/al\/wp-json\/wp\/v2\/users\/1"}],"replies":[{"embeddable":true,"href":"https:\/\/prizrenpost.com\/al\/wp-json\/wp\/v2\/comments?post=63502"}],"version-history":[{"count":1,"href":"https:\/\/prizrenpost.com\/al\/wp-json\/wp\/v2\/posts\/63502\/revisions"}],"predecessor-version":[{"id":63504,"href":"https:\/\/prizrenpost.com\/al\/wp-json\/wp\/v2\/posts\/63502\/revisions\/63504"}],"wp:featuredmedia":[{"embeddable":true,"href":"https:\/\/prizrenpost.com\/al\/wp-json\/wp\/v2\/media\/63503"}],"wp:attachment":[{"href":"https:\/\/prizrenpost.com\/al\/wp-json\/wp\/v2\/media?parent=63502"}],"wp:term":[{"taxonomy":"category","embeddable":true,"href":"https:\/\/prizrenpost.com\/al\/wp-json\/wp\/v2\/categories?post=63502"},{"taxonomy":"post_tag","embeddable":true,"href":"https:\/\/prizrenpost.com\/al\/wp-json\/wp\/v2\/tags?post=63502"}],"curies":[{"name":"wp","href":"https:\/\/api.w.org\/{rel}","templated":true}]}}