{"id":63573,"date":"2021-05-09T00:06:16","date_gmt":"2021-05-08T22:06:16","guid":{"rendered":"https:\/\/prizrenpost.com\/al\/?p=63573"},"modified":"2021-06-25T17:06:25","modified_gmt":"2021-06-25T15:06:25","slug":"krenare-qe-fsk-ja-eshte-ne-misionin-e-pare-nderkombetar","status":"publish","type":"post","link":"https:\/\/prizrenpost.com\/al\/krenare-qe-fsk-ja-eshte-ne-misionin-e-pare-nderkombetar\/","title":{"rendered":"Krenar\u00eb q\u00eb FSK-ja \u00ebsht\u00eb n\u00eb misionin e par\u00eb nd\u00ebrkomb\u00ebtar"},"content":{"rendered":"<p><img decoding=\"async\" src=\"https:\/\/prizrenpost.com\/al\/wp-content\/uploads\/2021\/05\/fsk.jpeg\" alt=\"\" width=\"100%\" height=\"\" class=\"alignleft size-full wp-image-63574\" srcset=\"https:\/\/prizrenpost.com\/al\/wp-content\/uploads\/2021\/05\/fsk.jpeg 786w, https:\/\/prizrenpost.com\/al\/wp-content\/uploads\/2021\/05\/fsk-300x209.jpeg 300w, https:\/\/prizrenpost.com\/al\/wp-content\/uploads\/2021\/05\/fsk-768x535.jpeg 768w\" sizes=\"(max-width: 786px) 100vw, 786px\" \/><\/p>\n<p><strong>Nga Departamenti i Mbrojtjes n\u00eb Shtetet e Bashkuara t\u00eb Amerik\u00ebs kan\u00eb deklaruar se jan\u00eb krenar q\u00eb Forca e Siguris\u00eb s\u00eb Kosov\u00ebs ka shkuar n\u00eb misionin e saj t\u00eb par\u00eb nd\u00ebrkomb\u00ebtar bashk\u00eb me forcat amerikane<\/strong>.<\/p>\n<p>\u201cDepartamenti i Mbrojtjes \u00ebsht\u00eb krenar q\u00eb FSK-ja u bashkua n\u00eb misionin e saj t\u00eb par\u00eb n\u00eb Kuvajt\u201d.<\/p>\n<p>\u201cGjat\u00eb k\u00ebtij misioni, partner\u00ebt e Kosov\u00ebs do t\u00eb fitojn\u00eb p\u00ebrvoj\u00eb t\u00eb mekanik\u00ebs dhe logjistik\u00ebs n\u00eb bot\u00ebn reale duke punuar me nj\u00ebsit e Ushtris\u00eb s\u00eb Amerik\u00ebs\u201d, kan\u00eb shkruar n\u00eb Twitter nga DM.<\/p>\n<blockquote class=\"twitter-tweet\">\n<p lang=\"en\" dir=\"ltr\">The DOD is proud to join <a href=\"https:\/\/twitter.com\/KSF_Kosova?ref_src=twsrc%5Etfw\">@KSF_Kosova<\/a> in its first co-deployment in Kuwait. During this mission, Kosovo partners will gain real-world mechanics and logistics experience working with <a href=\"https:\/\/twitter.com\/USArmy?ref_src=twsrc%5Etfw\">@USArmy<\/a> units. <a href=\"https:\/\/twitter.com\/hashtag\/StrongerTogether?src=hash&amp;ref_src=twsrc%5Etfw\">#StrongerTogether<\/a> <a href=\"https:\/\/t.co\/STG4sMtFS9\">pic.twitter.com\/STG4sMtFS9<\/a><\/p>\n<p>&mdash; Department of Defense \ud83c\uddfa\ud83c\uddf8 (@DeptofDefense) <a href=\"https:\/\/twitter.com\/DeptofDefense\/status\/1391120720516632579?ref_src=twsrc%5Etfw\">May 8, 2021<\/a><\/p><\/blockquote>\n","protected":false},"excerpt":{"rendered":"<p>Nga Departamenti i Mbrojtjes n\u00eb Shtetet e Bashkuara t\u00eb Amerik\u00ebs kan\u00eb deklaruar se jan\u00eb krenar q\u00eb Forca e Siguris\u00eb s\u00eb Kosov\u00ebs ka shkuar n\u00eb misionin e saj t\u00eb par\u00eb nd\u00ebrkomb\u00ebtar bashk\u00eb me forcat amerikane. \u201cDepartamenti i Mbrojtjes \u00ebsht\u00eb krenar q\u00eb FSK-ja u bashkua n\u00eb misionin e saj t\u00eb par\u00eb n\u00eb Kuvajt\u201d. \u201cGjat\u00eb k\u00ebtij misioni, partner\u00ebt [&hellip;]<\/p>\n","protected":false},"author":1,"featured_media":63574,"comment_status":"open","ping_status":"open","sticky":false,"template":"","format":"standard","meta":{"footnotes":""},"categories":[1],"tags":[3803,2361,983,287,3118],"class_list":["post-63573","post","type-post","status-publish","format-standard","has-post-thumbnail","hentry","category-lajme","tag-aktuale","tag-amerika","tag-forcat-e-sigurise-se-kosoves","tag-kosova","tag-kuvajt"],"_links":{"self":[{"href":"https:\/\/prizrenpost.com\/al\/wp-json\/wp\/v2\/posts\/63573","targetHints":{"allow":["GET"]}}],"collection":[{"href":"https:\/\/prizrenpost.com\/al\/wp-json\/wp\/v2\/posts"}],"about":[{"href":"https:\/\/prizrenpost.com\/al\/wp-json\/wp\/v2\/types\/post"}],"author":[{"embeddable":true,"href":"https:\/\/prizrenpost.com\/al\/wp-json\/wp\/v2\/users\/1"}],"replies":[{"embeddable":true,"href":"https:\/\/prizrenpost.com\/al\/wp-json\/wp\/v2\/comments?post=63573"}],"version-history":[{"count":2,"href":"https:\/\/prizrenpost.com\/al\/wp-json\/wp\/v2\/posts\/63573\/revisions"}],"predecessor-version":[{"id":63729,"href":"https:\/\/prizrenpost.com\/al\/wp-json\/wp\/v2\/posts\/63573\/revisions\/63729"}],"wp:featuredmedia":[{"embeddable":true,"href":"https:\/\/prizrenpost.com\/al\/wp-json\/wp\/v2\/media\/63574"}],"wp:attachment":[{"href":"https:\/\/prizrenpost.com\/al\/wp-json\/wp\/v2\/media?parent=63573"}],"wp:term":[{"taxonomy":"category","embeddable":true,"href":"https:\/\/prizrenpost.com\/al\/wp-json\/wp\/v2\/categories?post=63573"},{"taxonomy":"post_tag","embeddable":true,"href":"https:\/\/prizrenpost.com\/al\/wp-json\/wp\/v2\/tags?post=63573"}],"curies":[{"name":"wp","href":"https:\/\/api.w.org\/{rel}","templated":true}]}}