{"id":63584,"date":"2021-05-19T13:07:34","date_gmt":"2021-05-19T11:07:34","guid":{"rendered":"https:\/\/prizrenpost.com\/al\/?p=63584"},"modified":"2021-06-25T17:06:25","modified_gmt":"2021-06-25T15:06:25","slug":"skender-hyseni-nuk-do-te-jete-pjese-e-dialogut-me-serbine","status":"publish","type":"post","link":"https:\/\/prizrenpost.com\/al\/skender-hyseni-nuk-do-te-jete-pjese-e-dialogut-me-serbine\/","title":{"rendered":"Skender Hyseni nuk do t\u00eb jet\u00eb pjes\u00eb e dialogut me Serbin\u00eb"},"content":{"rendered":"<p><img decoding=\"async\" src=\"https:\/\/prizrenpost.com\/al\/wp-content\/uploads\/2021\/05\/qeveria-kurti.jpg\" alt=\"\" width=\"100%\" height=\"\" class=\"alignleft size-full wp-image-63585\" srcset=\"https:\/\/prizrenpost.com\/al\/wp-content\/uploads\/2021\/05\/qeveria-kurti.jpg 1200w, https:\/\/prizrenpost.com\/al\/wp-content\/uploads\/2021\/05\/qeveria-kurti-300x180.jpg 300w, https:\/\/prizrenpost.com\/al\/wp-content\/uploads\/2021\/05\/qeveria-kurti-1024x613.jpg 1024w, https:\/\/prizrenpost.com\/al\/wp-content\/uploads\/2021\/05\/qeveria-kurti-768x460.jpg 768w\" sizes=\"(max-width: 1200px) 100vw, 1200px\" \/><\/p>\n<p><strong>PRISHTIN\u00cb &#8211; Ish-koordinatori nacional p\u00ebr dialogun Kosov\u00eb-Serbi, Skender Hyseni nuk do t\u00eb jet\u00eb pjes\u00eb e ndonj\u00eb ekipi p\u00ebr dialog.<\/strong><\/p>\n<p>Z\u00ebdh\u00ebn\u00ebsi i Qeveris\u00eb s\u00eb Kosov\u00ebs, P\u00ebrparim Kryeziu, ka th\u00ebn\u00eb p\u00ebr Telegrafin se Hyseni gjat\u00eb muajit t\u00eb kaluar \u00ebsht\u00eb ftuar vet\u00ebm p\u00ebr takim konsultativ rreth dialogut me Serbin\u00eb, por q\u00eb i nj\u00ebjti nuk do t\u00eb jet\u00eb pjes\u00eb e ndonj\u00eb ekipi.<\/p>\n<p>\u201cAshtu si\u00e7 edhe ka deklaruar deputeti Arber Rexhaj, z. Hyseni gjat\u00eb muajit t\u00eb kaluar \u00ebsht\u00eb ftuar jo p\u00ebr t\u00eb qen\u00eb pjes\u00eb e dialogut por p\u00ebr nj\u00eb takim konsultativ p\u00ebr t\u00eb diskutuar mbi ecurin\u00eb dhe zhvillimet n\u00eb procesin e dialogut gjat\u00eb koh\u00ebs sa ai ishte koordinator shtet\u00ebror p\u00ebr dialogun me Serbin\u00eb. Kjo \u00ebsht\u00eb b\u00ebr\u00eb publike edhe nga vet z. Hyseni n\u00eb nj\u00eb deklarim t\u00eb tij. \u00cbsht\u00eb normale q\u00eb personi q\u00eb p\u00ebr gati 9 muaj ka qen\u00eb p\u00ebrgjegj\u00ebs p\u00ebr dialogun t\u00eb ftohet p\u00ebr takim pune n\u00eb sh\u00ebrbim t\u00eb p\u00ebrgatitjeve t\u00eb qeveris\u00eb s\u00eb re p\u00ebr k\u00ebt\u00eb proces. Megjithat\u00eb, z. Hyseni nuk \u00ebsht\u00eb dhe nuk do t\u00eb jet\u00eb pjes\u00eb e dialogut apo ndonj\u00eb ekipi p\u00ebr dialog\u201d, pohoi ai.<\/p>\n","protected":false},"excerpt":{"rendered":"<p>PRISHTIN\u00cb &#8211; Ish-koordinatori nacional p\u00ebr dialogun Kosov\u00eb-Serbi, Skender Hyseni nuk do t\u00eb jet\u00eb pjes\u00eb e ndonj\u00eb ekipi p\u00ebr dialog. Z\u00ebdh\u00ebn\u00ebsi i Qeveris\u00eb s\u00eb Kosov\u00ebs, P\u00ebrparim Kryeziu, ka th\u00ebn\u00eb p\u00ebr Telegrafin se Hyseni gjat\u00eb muajit t\u00eb kaluar \u00ebsht\u00eb ftuar vet\u00ebm p\u00ebr takim konsultativ rreth dialogut me Serbin\u00eb, por q\u00eb i nj\u00ebjti nuk do t\u00eb jet\u00eb pjes\u00eb [&hellip;]<\/p>\n","protected":false},"author":1,"featured_media":63585,"comment_status":"open","ping_status":"open","sticky":false,"template":"","format":"standard","meta":{"footnotes":""},"categories":[1],"tags":[3803,4266,48,695,1920],"class_list":["post-63584","post","type-post","status-publish","format-standard","has-post-thumbnail","hentry","category-lajme","tag-aktuale","tag-dialogu-kosove-serbi","tag-kosove","tag-qeveria","tag-skender-hyseni"],"_links":{"self":[{"href":"https:\/\/prizrenpost.com\/al\/wp-json\/wp\/v2\/posts\/63584","targetHints":{"allow":["GET"]}}],"collection":[{"href":"https:\/\/prizrenpost.com\/al\/wp-json\/wp\/v2\/posts"}],"about":[{"href":"https:\/\/prizrenpost.com\/al\/wp-json\/wp\/v2\/types\/post"}],"author":[{"embeddable":true,"href":"https:\/\/prizrenpost.com\/al\/wp-json\/wp\/v2\/users\/1"}],"replies":[{"embeddable":true,"href":"https:\/\/prizrenpost.com\/al\/wp-json\/wp\/v2\/comments?post=63584"}],"version-history":[{"count":1,"href":"https:\/\/prizrenpost.com\/al\/wp-json\/wp\/v2\/posts\/63584\/revisions"}],"predecessor-version":[{"id":63586,"href":"https:\/\/prizrenpost.com\/al\/wp-json\/wp\/v2\/posts\/63584\/revisions\/63586"}],"wp:featuredmedia":[{"embeddable":true,"href":"https:\/\/prizrenpost.com\/al\/wp-json\/wp\/v2\/media\/63585"}],"wp:attachment":[{"href":"https:\/\/prizrenpost.com\/al\/wp-json\/wp\/v2\/media?parent=63584"}],"wp:term":[{"taxonomy":"category","embeddable":true,"href":"https:\/\/prizrenpost.com\/al\/wp-json\/wp\/v2\/categories?post=63584"},{"taxonomy":"post_tag","embeddable":true,"href":"https:\/\/prizrenpost.com\/al\/wp-json\/wp\/v2\/tags?post=63584"}],"curies":[{"name":"wp","href":"https:\/\/api.w.org\/{rel}","templated":true}]}}