{"id":63613,"date":"2021-05-22T20:28:58","date_gmt":"2021-05-22T18:28:58","guid":{"rendered":"https:\/\/prizrenpost.com\/al\/?p=63613"},"modified":"2021-06-25T17:06:25","modified_gmt":"2021-06-25T15:06:25","slug":"bombarduam-ndertesa-shumekateshe-sepse-nuk-mund-ti-ndalnim-raketat-nga-gaza","status":"publish","type":"post","link":"https:\/\/prizrenpost.com\/al\/bombarduam-ndertesa-shumekateshe-sepse-nuk-mund-ti-ndalnim-raketat-nga-gaza\/","title":{"rendered":"Bombarduam nd\u00ebrtesa shum\u00ebkat\u00ebshe sepse nuk mund t&#8217;i ndalnim raketat nga Gaza"},"content":{"rendered":"<p><img decoding=\"async\" src=\"https:\/\/prizrenpost.com\/al\/wp-content\/uploads\/2021\/05\/gazza-1.jpeg\" alt=\"\" width=\"100%\" height=\"\" class=\"alignleft size-full wp-image-63614\" srcset=\"https:\/\/prizrenpost.com\/al\/wp-content\/uploads\/2021\/05\/gazza-1.jpeg 864w, https:\/\/prizrenpost.com\/al\/wp-content\/uploads\/2021\/05\/gazza-1-300x169.jpeg 300w, https:\/\/prizrenpost.com\/al\/wp-content\/uploads\/2021\/05\/gazza-1-768x432.jpeg 768w\" sizes=\"(max-width: 864px) 100vw, 864px\" \/><\/p>\n<p><strong>JERUSALEM &#8211; Nj\u00eb nga pilot\u00ebt e aviacionit izraelit, i cili bombardoi Gaz\u00ebn, tha se bombarduan nd\u00ebrtesat shum\u00ebkat\u00ebshe pas zhg\u00ebnjimit, pasi nuk ishin n\u00eb gjendje t\u00eb ndalnin raketat e l\u00ebshuara nga Gaza, transmeton Anadolu Agency.<\/strong><\/p>\n<p>Media izraelite Channel 12 transmetoi intervist\u00ebn me pilot\u00ebt q\u00eb sh\u00ebnjestruan nd\u00ebrtesat shum\u00ebkat\u00ebshe n\u00eb Rripin e Gaz\u00ebs, p\u00ebrfshir\u00eb edhe nd\u00ebrtes\u00ebn n\u00eb t\u00eb cil\u00ebn ndodheshin zyrat e mediave.<\/p>\n<p>N\u00eb k\u00ebto biseda nuk u zbulua identiteti i pilot\u00ebve, por vet\u00ebm shkronjat e para t\u00eb emrave t\u00eb tyre, nd\u00ebsa piloti &#8220;D&#8221; tha se bombardimi i tyre n\u00eb Gaza nuk duhej marr\u00eb leht\u00ebsisht.<\/p>\n<p>Ai tha se Gaza u bombardua duke p\u00ebrdorur tonelata municione.<\/p>\n<p>&#8220;Bombardimi i nd\u00ebrtesave shum\u00ebkat\u00ebshe n\u00eb Gaza ishte nj\u00eb lloj leht\u00ebsimi dhe dalje n\u00eb aj\u00ebr p\u00ebr ne pas zhg\u00ebnjimit, sepse grupet palestineze t\u00eb rezistenc\u00ebs arrit\u00ebn t\u00eb na q\u00ebllonin vazhdimisht&#8221;, tha ai, duke kujtuar bisedat e tij me pilot\u00ebt e tjer\u00eb t\u00eb p\u00ebrfshir\u00eb n\u00eb bombardimet.<\/p>\n<p>Duke pranuar q\u00eb ata &#8220;nuk arrit\u00ebn t\u00eb arrinin deri tek udh\u00ebheq\u00ebsit e grupeve palestineze t\u00eb rezistenc\u00ebs&#8221;, piloti &#8220;D&#8221; tha se ata ishin t\u00eb pasuksessh\u00ebm n\u00eb &#8220;ndalimin e raketave nga Gaza dhe ne nuk arrit\u00ebm t\u00eb d\u00ebmtojm\u00eb udh\u00ebheq\u00ebsit e grupeve, k\u00ebshtu q\u00eb ne sh\u00ebnjestruam nd\u00ebrtesat shum\u00ebkat\u00ebshe&#8221;.<\/p>\n<p>M\u00eb par\u00eb, ekspert\u00ebt ushtarak\u00eb deklaruan se sistemi izraelit i mbrojtjes ajrore &#8220;Kupola e Hekurt&#8221; nuk arriti t\u00eb ndaloj\u00eb m\u00eb shum\u00eb se 25 p\u00ebr qind t\u00eb raketave t\u00eb grupeve t\u00eb rezistenc\u00ebs palestineze, t\u00eb cil\u00ebn ata e vler\u00ebsuan si nj\u00eb d\u00ebshtim t\u00eb ve\u00e7ant\u00eb t\u00eb pal\u00ebs izraelite.<\/p>\n<p>Gjat\u00eb sulmeve 11-ditore n\u00eb Rripin e Gaz\u00ebs, aviacioni izraelit rrafshoi n\u00ebnt\u00eb nd\u00ebrtesa t\u00eb larta me tok\u00ebn, duke p\u00ebrfshir\u00eb kull\u00ebn &#8220;Jela&#8221;, n\u00eb t\u00eb cil\u00ebn ndodheshin zyrat e agjencis\u00eb amerikane t\u00eb lajmeve Associated Press dhe rrjetit televiziv me baz\u00eb n\u00eb Katar Al Jazeera.<\/p>\n<p>Ministria e Strehimit dhe \u00c7\u00ebshtjeve Publike n\u00eb Gaza tha se 1.800 nj\u00ebsi banimi p\u00ebsuan d\u00ebme totale n\u00eb sulmet izraelite dhe 16.800 nj\u00ebsi u d\u00ebmtuan.<\/p>\n<p>N\u00eb sulmet izraelite n\u00eb Rripin e Gaz\u00ebs jet\u00ebn humb\u00ebn gjithsej 248 palestinez\u00eb, prej t\u00eb cil\u00ebve 66 f\u00ebmij\u00eb dhe 39 gra.<\/p>\n","protected":false},"excerpt":{"rendered":"<p>JERUSALEM &#8211; Nj\u00eb nga pilot\u00ebt e aviacionit izraelit, i cili bombardoi Gaz\u00ebn, tha se bombarduan nd\u00ebrtesat shum\u00ebkat\u00ebshe pas zhg\u00ebnjimit, pasi nuk ishin n\u00eb gjendje t\u00eb ndalnin raketat e l\u00ebshuara nga Gaza, transmeton Anadolu Agency. Media izraelite Channel 12 transmetoi intervist\u00ebn me pilot\u00ebt q\u00eb sh\u00ebnjestruan nd\u00ebrtesat shum\u00ebkat\u00ebshe n\u00eb Rripin e Gaz\u00ebs, p\u00ebrfshir\u00eb edhe nd\u00ebrtes\u00ebn n\u00eb t\u00eb [&hellip;]<\/p>\n","protected":false},"author":1,"featured_media":63614,"comment_status":"open","ping_status":"open","sticky":false,"template":"","format":"standard","meta":{"footnotes":""},"categories":[1],"tags":[234,1378,2046,2047],"class_list":["post-63613","post","type-post","status-publish","format-standard","has-post-thumbnail","hentry","category-lajme","tag-gaza","tag-izraeli","tag-jerusalem","tag-palestine"],"_links":{"self":[{"href":"https:\/\/prizrenpost.com\/al\/wp-json\/wp\/v2\/posts\/63613","targetHints":{"allow":["GET"]}}],"collection":[{"href":"https:\/\/prizrenpost.com\/al\/wp-json\/wp\/v2\/posts"}],"about":[{"href":"https:\/\/prizrenpost.com\/al\/wp-json\/wp\/v2\/types\/post"}],"author":[{"embeddable":true,"href":"https:\/\/prizrenpost.com\/al\/wp-json\/wp\/v2\/users\/1"}],"replies":[{"embeddable":true,"href":"https:\/\/prizrenpost.com\/al\/wp-json\/wp\/v2\/comments?post=63613"}],"version-history":[{"count":1,"href":"https:\/\/prizrenpost.com\/al\/wp-json\/wp\/v2\/posts\/63613\/revisions"}],"predecessor-version":[{"id":63615,"href":"https:\/\/prizrenpost.com\/al\/wp-json\/wp\/v2\/posts\/63613\/revisions\/63615"}],"wp:featuredmedia":[{"embeddable":true,"href":"https:\/\/prizrenpost.com\/al\/wp-json\/wp\/v2\/media\/63614"}],"wp:attachment":[{"href":"https:\/\/prizrenpost.com\/al\/wp-json\/wp\/v2\/media?parent=63613"}],"wp:term":[{"taxonomy":"category","embeddable":true,"href":"https:\/\/prizrenpost.com\/al\/wp-json\/wp\/v2\/categories?post=63613"},{"taxonomy":"post_tag","embeddable":true,"href":"https:\/\/prizrenpost.com\/al\/wp-json\/wp\/v2\/tags?post=63613"}],"curies":[{"name":"wp","href":"https:\/\/api.w.org\/{rel}","templated":true}]}}