{"id":63616,"date":"2021-05-22T22:23:07","date_gmt":"2021-05-22T20:23:07","guid":{"rendered":"https:\/\/prizrenpost.com\/al\/?p=63616"},"modified":"2021-06-25T17:06:25","modified_gmt":"2021-06-25T15:06:25","slug":"ovl-e-uck-kerkon-rritjen-e-pensionit-te-veteraneve","status":"publish","type":"post","link":"https:\/\/prizrenpost.com\/al\/ovl-e-uck-kerkon-rritjen-e-pensionit-te-veteraneve\/","title":{"rendered":"OVL e U\u00c7K k\u00ebrkon rritjen e pensionit t\u00eb veteran\u00ebve"},"content":{"rendered":"<p><img decoding=\"async\" src=\"https:\/\/prizrenpost.com\/al\/wp-content\/uploads\/2021\/05\/uck.jpeg\" alt=\"\" width=\"100%\" height=\"\" class=\"alignleft size-full wp-image-63617\" srcset=\"https:\/\/prizrenpost.com\/al\/wp-content\/uploads\/2021\/05\/uck.jpeg 780w, https:\/\/prizrenpost.com\/al\/wp-content\/uploads\/2021\/05\/uck-300x169.jpeg 300w, https:\/\/prizrenpost.com\/al\/wp-content\/uploads\/2021\/05\/uck-768x432.jpeg 768w\" sizes=\"(max-width: 780px) 100vw, 780px\" \/><\/p>\n<p><strong>PRISHTIN\u00cb &#8211; Kryetari n\u00eb detyr\u00eb i OVL-U\u00c7K, Faton Klinaku, ka k\u00ebrkuar q\u00eb n\u00eb baz\u00eb t\u00eb rritjes s\u00eb pag\u00ebs minimale t\u00eb rritet edhe pensioni i veteran\u00ebve t\u00eb luft\u00ebs s\u00eb U\u00c7K-s\u00eb.<\/strong><\/p>\n<p>Klinaku, p\u00ebrmes nj\u00eb postmi n\u00eb Facebook, ka k\u00ebrkuar nga partit\u00eb politike \u201ct\u2019i l\u00ebn\u00eb populizmat e tyre  dhe mos t\u2019i b\u00ebjn\u00eb \u00e7do her\u00eb tem\u00eb veteran\u00ebt, t\u00eb cil\u00ebve me ligjin 04\/L \u2013 261, q\u00eb \u00ebsht\u00eb i vetmi n\u00eb fuqi, iu rritet pensioni krahas pag\u00ebs minimale\u201d.<\/p>\n<p>\u201cPopulizmi i partive politike t\u00eb pozit\u00ebs dhe opozit\u00ebs ka b\u00ebr\u00eb q\u00eb t\u00eb hutohet opinioni publik se me rritjen e pag\u00ebs minimale n\u00eb Kosov\u00eb, a rritet edhe pensioni i veteranit t\u00eb luft\u00ebs s\u00eb U\u00c7K-s\u00eb, q\u00eb me ligjin bazik, i cili \u00ebsht\u00eb i vetmi n\u00eb fuqi, \u00ebsht\u00eb jo m\u00eb i vog\u00ebl se paga minimale\u201d, ka shkruar Klinaku.<\/p>\n<p><strong>Postimi i Klinakut:<\/strong><\/p>\n<p>\u201cPopulizmi i partive politike t\u00eb pozit\u00ebs dhe opozit\u00ebs ka b\u00ebr\u00eb q\u00eb t\u00eb hutohet opinioni publik se me rritjen e pag\u00ebs minimale n\u00eb Kosov\u00eb, a rritet edhe pensioni i veteranit t\u00eb luft\u00ebs s\u00eb U\u00c7K-s\u00eb, q\u00eb me ligjin bazik, i cili \u00ebsht\u00eb i vetmi n\u00eb fuqi, \u00ebsht\u00eb jo m\u00eb i vog\u00ebl se paga minimale<\/p>\n<p>P\u00ebr shkak t\u00eb interesimit t\u00eb madh t\u00eb medieve, m\u00eb duhet t\u00eb sqaroj shkurt:<\/p>\n<p>N\u00eb ligjin p\u00ebr ndryshimin e ligjit bazik thuhet:<\/p>\n<p>3.1. Deri ne kategorizimin p\u00ebrfundimtar t\u00eb list\u00ebs s\u00eb Veteranit Luft\u00ebtar t\u00eb U\u00c7K-s\u00eb, skema pensionale zbatohet si\u00e7 \u00ebsht\u00eb parapar\u00eb me ligjin bazik.<\/p>\n<p>E ai kategorizim as q\u00eb ka filluar qe 4 vite, p\u00ebr shkak se qeverit\u00eb nuk kan\u00eb dashur q\u00eb ta b\u00ebjn\u00eb k\u00ebt\u00eb.<\/p>\n<p>\u00cbsht\u00eb interesant se VV at\u00ebher\u00eb e ka kund\u00ebrshtuar ligjin nr.05\/L-141 e i cili nuk \u00ebsht\u00eb n\u00eb fuqi dhe sot flet n\u00eb em\u00ebr t\u00eb tij. E ka kund\u00ebrshtuar edhe AAK q\u00eb tani po hesht\u00eb dhe gjat\u00eb qeverisjes nuk ka filluar kategorizimin. E kan\u00eb miratuar PDK dhe LDK por duhet ta sqarojn\u00eb opinionin se ato ndryshime nuk jan\u00eb n\u00eb fuqi dhe vlen ligji bazik.<\/p>\n<p>Prandaj, partit\u00eb politike t\u2019i l\u00ebn\u00eb populizmat e tyre  dhe mos t\u2019i b\u00ebjn\u00eb \u00e7do her\u00eb tem\u00eb veteran\u00ebt, t\u00eb cil\u00ebve me ligjin 04\/L \u2013 261, q\u00eb \u00ebsht\u00eb i vetmi n\u00eb fuqi, iu rritet pensioni krahas pag\u00ebs minimale\u201d, ka shkruar Klinaku.<\/p>\n","protected":false},"excerpt":{"rendered":"<p>PRISHTIN\u00cb &#8211; Kryetari n\u00eb detyr\u00eb i OVL-U\u00c7K, Faton Klinaku, ka k\u00ebrkuar q\u00eb n\u00eb baz\u00eb t\u00eb rritjes s\u00eb pag\u00ebs minimale t\u00eb rritet edhe pensioni i veteran\u00ebve t\u00eb luft\u00ebs s\u00eb U\u00c7K-s\u00eb. Klinaku, p\u00ebrmes nj\u00eb postmi n\u00eb Facebook, ka k\u00ebrkuar nga partit\u00eb politike \u201ct\u2019i l\u00ebn\u00eb populizmat e tyre dhe mos t\u2019i b\u00ebjn\u00eb \u00e7do her\u00eb tem\u00eb veteran\u00ebt, t\u00eb cil\u00ebve [&hellip;]<\/p>\n","protected":false},"author":1,"featured_media":63617,"comment_status":"open","ping_status":"open","sticky":false,"template":"","format":"standard","meta":{"footnotes":""},"categories":[1],"tags":[48,36,722],"class_list":["post-63616","post","type-post","status-publish","format-standard","has-post-thumbnail","hentry","category-lajme","tag-kosove","tag-uck","tag-veteranet"],"_links":{"self":[{"href":"https:\/\/prizrenpost.com\/al\/wp-json\/wp\/v2\/posts\/63616","targetHints":{"allow":["GET"]}}],"collection":[{"href":"https:\/\/prizrenpost.com\/al\/wp-json\/wp\/v2\/posts"}],"about":[{"href":"https:\/\/prizrenpost.com\/al\/wp-json\/wp\/v2\/types\/post"}],"author":[{"embeddable":true,"href":"https:\/\/prizrenpost.com\/al\/wp-json\/wp\/v2\/users\/1"}],"replies":[{"embeddable":true,"href":"https:\/\/prizrenpost.com\/al\/wp-json\/wp\/v2\/comments?post=63616"}],"version-history":[{"count":1,"href":"https:\/\/prizrenpost.com\/al\/wp-json\/wp\/v2\/posts\/63616\/revisions"}],"predecessor-version":[{"id":63618,"href":"https:\/\/prizrenpost.com\/al\/wp-json\/wp\/v2\/posts\/63616\/revisions\/63618"}],"wp:featuredmedia":[{"embeddable":true,"href":"https:\/\/prizrenpost.com\/al\/wp-json\/wp\/v2\/media\/63617"}],"wp:attachment":[{"href":"https:\/\/prizrenpost.com\/al\/wp-json\/wp\/v2\/media?parent=63616"}],"wp:term":[{"taxonomy":"category","embeddable":true,"href":"https:\/\/prizrenpost.com\/al\/wp-json\/wp\/v2\/categories?post=63616"},{"taxonomy":"post_tag","embeddable":true,"href":"https:\/\/prizrenpost.com\/al\/wp-json\/wp\/v2\/tags?post=63616"}],"curies":[{"name":"wp","href":"https:\/\/api.w.org\/{rel}","templated":true}]}}