{"id":63623,"date":"2021-05-23T23:04:18","date_gmt":"2021-05-23T21:04:18","guid":{"rendered":"https:\/\/prizrenpost.com\/al\/?p=63623"},"modified":"2021-06-25T17:06:24","modified_gmt":"2021-06-25T15:06:24","slug":"amerika-demonstron-armet-ne-tirane-meta-dhe-rama-ne-shesh-mungoi-basha","status":"publish","type":"post","link":"https:\/\/prizrenpost.com\/al\/amerika-demonstron-armet-ne-tirane-meta-dhe-rama-ne-shesh-mungoi-basha\/","title":{"rendered":"Amerika demonstron arm\u00ebt n\u00eb Tiran\u00eb, Meta dhe Rama n\u00eb shesh, mungoi Basha"},"content":{"rendered":"<p><img decoding=\"async\" src=\"https:\/\/prizrenpost.com\/al\/wp-content\/uploads\/2021\/05\/rama-meta.jpeg\" alt=\"\" width=\"100%\" height=\"\" class=\"alignleft size-full wp-image-63624\" srcset=\"https:\/\/prizrenpost.com\/al\/wp-content\/uploads\/2021\/05\/rama-meta.jpeg 800w, https:\/\/prizrenpost.com\/al\/wp-content\/uploads\/2021\/05\/rama-meta-300x193.jpeg 300w, https:\/\/prizrenpost.com\/al\/wp-content\/uploads\/2021\/05\/rama-meta-768x494.jpeg 768w\" sizes=\"(max-width: 800px) 100vw, 800px\" \/><\/p>\n<p><strong>TIRAN\u00cb &#8211; St\u00ebrvitja  ushtarake Defender Europe 2021 \u00ebsht\u00eb zhvendosur n\u00eb sheshin N\u00ebn\u00eb Tereza e hapur p\u00ebr qytetar\u00ebt t\u00eb cil\u00ebt kan\u00eb ndjekur me kureshtje  demonstrime t\u00eb forcave t\u00eb armatosura.<\/strong>  <\/p>\n<p>Defender Europe 2021 \u00ebsht\u00eb st\u00ebrvitja m\u00eb e madhe ushtarake e organizuar n\u00eb 30 vitet e fundit n\u00eb 16 shtete nga ushtria amerikane n\u00eb Europ\u00eb, ku marrin pjes\u00eb 28 mij\u00eb trupa t\u00eb 26 vendeve an\u00ebtare aleate.<\/p>\n<p>Shqip\u00ebria merr pjes\u00eb me 1000 trupa. Por si e shikojn\u00eb qytetar\u00ebt zhvillimin e k\u00ebsaj st\u00ebrvitje kaq t\u00eb madhe n\u00eb vendin ton\u00eb?<\/p>\n<p>Kjo dit\u00eb e hapur u p\u00ebrsh\u00ebndet nga drejtues t\u00eb lart\u00eb t\u00eb shtetit dhe e pranishme ishte edhe p\u00ebrfaq\u00ebsuesja e Shteteve t\u00eb Bashkuara t\u00eb Amerik\u00ebs Yuri Kim. Madje ambasadorja e ShBA kishte k\u00ebrkuar q\u00eb n\u00eb ceremonin\u00eb e sotme t\u00eb ftoheshin presidenti Ilir Meta  dhe kryetari i Partis\u00eb Demokratike Lulzim Basha. Por Basha nuk mori pjes\u00eb nd\u00ebrkoh\u00eb q\u00eb ftes\u00ebs i \u00ebsht\u00eb p\u00ebrgjigjur vet\u00ebm presidenti.<\/p>\n<p>Kryeministri Rama  n\u00eb fjal\u00ebn e tij ka fal\u00ebnderuar trupat ushtarake pjes\u00ebmarr\u00ebse n\u00eb k\u00ebte st\u00ebrvitje madh\u00ebshtore dhe sinjifikative p\u00ebr Shqip\u00ebrin\u00eb.<\/p>\n<p>St\u00ebrvitja ushtarake Defender Europe 2021 ka nisur n\u00eb 4 maj dhe p\u00ebrfundon n\u00eb 9 qershor, njofton TCH.<\/p>\n","protected":false},"excerpt":{"rendered":"<p>TIRAN\u00cb &#8211; St\u00ebrvitja ushtarake Defender Europe 2021 \u00ebsht\u00eb zhvendosur n\u00eb sheshin N\u00ebn\u00eb Tereza e hapur p\u00ebr qytetar\u00ebt t\u00eb cil\u00ebt kan\u00eb ndjekur me kureshtje demonstrime t\u00eb forcave t\u00eb armatosura. Defender Europe 2021 \u00ebsht\u00eb st\u00ebrvitja m\u00eb e madhe ushtarake e organizuar n\u00eb 30 vitet e fundit n\u00eb 16 shtete nga ushtria amerikane n\u00eb Europ\u00eb, ku marrin pjes\u00eb [&hellip;]<\/p>\n","protected":false},"author":1,"featured_media":63624,"comment_status":"open","ping_status":"open","sticky":false,"template":"","format":"standard","meta":{"footnotes":""},"categories":[1],"tags":[2361,369,368,1047,370],"class_list":["post-63623","post","type-post","status-publish","format-standard","has-post-thumbnail","hentry","category-lajme","tag-amerika","tag-edi-rama","tag-ilir-meta","tag-lulzim-basha","tag-shqiperia"],"_links":{"self":[{"href":"https:\/\/prizrenpost.com\/al\/wp-json\/wp\/v2\/posts\/63623","targetHints":{"allow":["GET"]}}],"collection":[{"href":"https:\/\/prizrenpost.com\/al\/wp-json\/wp\/v2\/posts"}],"about":[{"href":"https:\/\/prizrenpost.com\/al\/wp-json\/wp\/v2\/types\/post"}],"author":[{"embeddable":true,"href":"https:\/\/prizrenpost.com\/al\/wp-json\/wp\/v2\/users\/1"}],"replies":[{"embeddable":true,"href":"https:\/\/prizrenpost.com\/al\/wp-json\/wp\/v2\/comments?post=63623"}],"version-history":[{"count":1,"href":"https:\/\/prizrenpost.com\/al\/wp-json\/wp\/v2\/posts\/63623\/revisions"}],"predecessor-version":[{"id":63625,"href":"https:\/\/prizrenpost.com\/al\/wp-json\/wp\/v2\/posts\/63623\/revisions\/63625"}],"wp:featuredmedia":[{"embeddable":true,"href":"https:\/\/prizrenpost.com\/al\/wp-json\/wp\/v2\/media\/63624"}],"wp:attachment":[{"href":"https:\/\/prizrenpost.com\/al\/wp-json\/wp\/v2\/media?parent=63623"}],"wp:term":[{"taxonomy":"category","embeddable":true,"href":"https:\/\/prizrenpost.com\/al\/wp-json\/wp\/v2\/categories?post=63623"},{"taxonomy":"post_tag","embeddable":true,"href":"https:\/\/prizrenpost.com\/al\/wp-json\/wp\/v2\/tags?post=63623"}],"curies":[{"name":"wp","href":"https:\/\/api.w.org\/{rel}","templated":true}]}}