{"id":63660,"date":"2021-06-02T14:39:37","date_gmt":"2021-06-02T12:39:37","guid":{"rendered":"https:\/\/prizrenpost.com\/al\/?p=63660"},"modified":"2021-06-25T17:06:24","modified_gmt":"2021-06-25T15:06:24","slug":"kurti-eshte-perballja-e-pare-me-presidentin-e-serbise","status":"publish","type":"post","link":"https:\/\/prizrenpost.com\/al\/kurti-eshte-perballja-e-pare-me-presidentin-e-serbise\/","title":{"rendered":"Kurti: \u00cbsht\u00eb p\u00ebrballja e par\u00eb me presidentin e Serbis\u00eb"},"content":{"rendered":"<p><img decoding=\"async\" src=\"https:\/\/prizrenpost.com\/al\/wp-content\/uploads\/2021\/06\/kurti.png\" alt=\"\" width=\"100%\" height=\"\" class=\"alignleft size-full wp-image-63661\" srcset=\"https:\/\/prizrenpost.com\/al\/wp-content\/uploads\/2021\/06\/kurti.png 780w, https:\/\/prizrenpost.com\/al\/wp-content\/uploads\/2021\/06\/kurti-300x169.png 300w, https:\/\/prizrenpost.com\/al\/wp-content\/uploads\/2021\/06\/kurti-768x432.png 768w\" sizes=\"(max-width: 780px) 100vw, 780px\" \/><\/p>\n<p><strong>PRISHTIN\u00cb &#8211; Kryeminstri i Kosov\u00ebs, Albin Kurti tha se n\u00eb dialogun q\u00eb do ta zhvilloj me presidentin e Serbis\u00eb n\u00eb Bruksel, Aleksandar Vu\u00e7iq do t\u00eb jet\u00eb p\u00ebrballja dhe takimi i tij i par\u00eb me t\u00eb.<\/strong><\/p>\n<p>Kurti pas takimit q\u00eb zhvilloi me Presidenten e vendit, Vjosa Osmani n\u00eb nj\u00eb prononcim p\u00ebr media tha se dialogu Kosov\u00eb-Serbi nuk do t\u00eb jet\u00eb vazhdim i dialogut t\u00eb m\u00ebhersh\u00ebm, por vazhdim i dialogut t\u00eb ardhsh\u00ebm.<\/p>\n<p>\u201cN\u00eb takimin q\u00eb do t\u00eb zhvillohet n\u00eb Bruksel nuk \u00ebsht\u00eb takim i vazhdimit t\u00eb dialogut por p\u00ebrballja e par\u00eb, apo takimi i par\u00eb me Vu\u00e7iqin me t\u00eb cilin s\u2019jam takuar asnj\u00ebher\u00eb, p\u00ebr dallim me tryez\u00ebn q\u00eb \u00ebsht\u00eb mbajtur me mbi 30 veta n\u00eb shkurt t\u00eb vitit  2020 n\u00eb konferenc\u00ebs e Siguris\u00eb q\u00eb mbahet tradicionalisht n\u00eb Mynih t\u00eb Gjermanis\u00eb. \u00cbsht\u00eb takimi i par\u00eb dhe aty do ta shohim se \u00e7far\u00eb do t\u00eb jet\u00eb kapitulli i dialogut t\u00eb ardhsh\u00ebm, \u00ebsht\u00eb takim i dialogut t\u00eb ardhsh\u00ebm por nuk \u00ebsht\u00eb vazhdim p\u00ebr dialogun e m\u00ebhersh\u00ebm\u201d, ka th\u00ebn\u00eb ai.<\/p>\n<p>I pyetur p\u00ebr partit\u00eb opozitare n\u00eb vend se a ka arritur ndonj\u00eb konsensus n\u00eb lidhje me dialogun Kosov\u00eb-Serbi, ai tha: \u201cKam takuar dy, prej tre partive opozitare dhe p\u00ebrve\u00e7 k\u00ebsaj do ta kemi nj\u00eb diskutim n\u00eb Kuvendin e  Kosov\u00ebs n\u00eb lidhje me gjendjen e deritanishme t\u00eb procesit t\u00eb dialogut t\u00eb kaluar, p\u00ebr t\u00eb shikuar se ku ndodhemi\u201d. <\/p>\n","protected":false},"excerpt":{"rendered":"<p>PRISHTIN\u00cb &#8211; Kryeminstri i Kosov\u00ebs, Albin Kurti tha se n\u00eb dialogun q\u00eb do ta zhvilloj me presidentin e Serbis\u00eb n\u00eb Bruksel, Aleksandar Vu\u00e7iq do t\u00eb jet\u00eb p\u00ebrballja dhe takimi i tij i par\u00eb me t\u00eb. Kurti pas takimit q\u00eb zhvilloi me Presidenten e vendit, Vjosa Osmani n\u00eb nj\u00eb prononcim p\u00ebr media tha se dialogu Kosov\u00eb-Serbi [&hellip;]<\/p>\n","protected":false},"author":1,"featured_media":63661,"comment_status":"open","ping_status":"open","sticky":false,"template":"","format":"standard","meta":{"footnotes":""},"categories":[1],"tags":[3803,877,1159,1686,287,799],"class_list":["post-63660","post","type-post","status-publish","format-standard","has-post-thumbnail","hentry","category-lajme","tag-aktuale","tag-albin-kurti","tag-aleksandar-vucic","tag-dialogu","tag-kosova","tag-serbia"],"_links":{"self":[{"href":"https:\/\/prizrenpost.com\/al\/wp-json\/wp\/v2\/posts\/63660","targetHints":{"allow":["GET"]}}],"collection":[{"href":"https:\/\/prizrenpost.com\/al\/wp-json\/wp\/v2\/posts"}],"about":[{"href":"https:\/\/prizrenpost.com\/al\/wp-json\/wp\/v2\/types\/post"}],"author":[{"embeddable":true,"href":"https:\/\/prizrenpost.com\/al\/wp-json\/wp\/v2\/users\/1"}],"replies":[{"embeddable":true,"href":"https:\/\/prizrenpost.com\/al\/wp-json\/wp\/v2\/comments?post=63660"}],"version-history":[{"count":1,"href":"https:\/\/prizrenpost.com\/al\/wp-json\/wp\/v2\/posts\/63660\/revisions"}],"predecessor-version":[{"id":63662,"href":"https:\/\/prizrenpost.com\/al\/wp-json\/wp\/v2\/posts\/63660\/revisions\/63662"}],"wp:featuredmedia":[{"embeddable":true,"href":"https:\/\/prizrenpost.com\/al\/wp-json\/wp\/v2\/media\/63661"}],"wp:attachment":[{"href":"https:\/\/prizrenpost.com\/al\/wp-json\/wp\/v2\/media?parent=63660"}],"wp:term":[{"taxonomy":"category","embeddable":true,"href":"https:\/\/prizrenpost.com\/al\/wp-json\/wp\/v2\/categories?post=63660"},{"taxonomy":"post_tag","embeddable":true,"href":"https:\/\/prizrenpost.com\/al\/wp-json\/wp\/v2\/tags?post=63660"}],"curies":[{"name":"wp","href":"https:\/\/api.w.org\/{rel}","templated":true}]}}