{"id":63689,"date":"2021-06-15T16:00:54","date_gmt":"2021-06-15T14:00:54","guid":{"rendered":"https:\/\/prizrenpost.com\/al\/?p=63689"},"modified":"2021-06-25T17:06:23","modified_gmt":"2021-06-25T15:06:23","slug":"asnje-problem-nga-vaksinimi-ne-shqiperi-po-perdoren-disa-vaksina-perendimore-dhe-lindore","status":"publish","type":"post","link":"https:\/\/prizrenpost.com\/al\/asnje-problem-nga-vaksinimi-ne-shqiperi-po-perdoren-disa-vaksina-perendimore-dhe-lindore\/","title":{"rendered":"Asnj\u00eb problem nga vaksinimi, n\u00eb Shqip\u00ebri po p\u00ebrdoren disa vaksina, per\u00ebndimore dhe lindore"},"content":{"rendered":"<p><img decoding=\"async\" src=\"https:\/\/prizrenpost.com\/al\/wp-content\/uploads\/2021\/06\/astrazeneca.jpeg\" alt=\"\" width=\"100%\" height=\"\" class=\"alignleft size-full wp-image-63690\" srcset=\"https:\/\/prizrenpost.com\/al\/wp-content\/uploads\/2021\/06\/astrazeneca.jpeg 800w, https:\/\/prizrenpost.com\/al\/wp-content\/uploads\/2021\/06\/astrazeneca-300x169.jpeg 300w, https:\/\/prizrenpost.com\/al\/wp-content\/uploads\/2021\/06\/astrazeneca-768x432.jpeg 768w\" sizes=\"(max-width: 800px) 100vw, 800px\" \/><\/p>\n<p><strong>TIRAN\u00cb &#8211; Nd\u00ebrsa Italia ka stopuar aplikimin e vaksin\u00ebs AstraZeneca tek qytetar\u00ebt e saj, pas humbjes s\u00eb jet\u00ebs s\u00eb nj\u00eb 18 vje\u00e7areje, shkaku i s\u00eb cil\u00ebs u lidh me vaksin\u00ebn, n\u00eb Shqip\u00ebri ka mb\u00ebrritur nj\u00eb sasi prej 20 mij\u00eb vaksina AstraZeneca, dhurat\u00eb e qeveris\u00eb greke.<\/strong><\/p>\n<p>N\u00eb Institutin e Sh\u00ebndetit Publik thon\u00eb se AstraZeneca po aplikohet si doz\u00eb e dyt\u00eb tek arsimtar\u00ebt kryesisht.<\/p>\n<p>Por nd\u00ebrkoh\u00eb pak dit\u00eb m\u00eb par\u00eb ka mb\u00ebrritur edhe nj\u00eb sasi vaksinash Sputnik, e cila \u00ebsht\u00eb aplikuar tek punonj\u00ebsit e hoteleri turiz\u00ebm, operator\u00ebt e transportit publik. Ndon\u00ebse doza e dyt\u00eb e saj k\u00ebshillohet t\u00eb b\u00ebhet tre jav\u00eb deri n\u00eb 3 muaj, tanim\u00eb me mb\u00ebrritjen e vaksin\u00ebs ata jan\u00eb vaksinuar me doz\u00eb t\u00eb par\u00eb Sputnik mund t\u00eb aplikojn\u00eb doz\u00ebn e dyt\u00eb.<\/p>\n<p>P\u00ebr t\u00eb ulur fash\u00ebn e mosh\u00ebs s\u00eb vaksinimit n\u00eb 50 vje\u00e7 pritet nj\u00eb tjet\u00ebr sasi e vaksin\u00ebs Coronavac. Aktualisht po p\u00ebrdoret vaksina Pfizer si doz\u00eb e par\u00eb n\u00eb pakic\u00eb pasi vaksinat e tjera po p\u00ebrdoren p\u00ebr doza t\u00eb dyta, njofton TCH.<\/p>\n","protected":false},"excerpt":{"rendered":"<p>TIRAN\u00cb &#8211; Nd\u00ebrsa Italia ka stopuar aplikimin e vaksin\u00ebs AstraZeneca tek qytetar\u00ebt e saj, pas humbjes s\u00eb jet\u00ebs s\u00eb nj\u00eb 18 vje\u00e7areje, shkaku i s\u00eb cil\u00ebs u lidh me vaksin\u00ebn, n\u00eb Shqip\u00ebri ka mb\u00ebrritur nj\u00eb sasi prej 20 mij\u00eb vaksina AstraZeneca, dhurat\u00eb e qeveris\u00eb greke. N\u00eb Institutin e Sh\u00ebndetit Publik thon\u00eb se AstraZeneca po aplikohet [&hellip;]<\/p>\n","protected":false},"author":1,"featured_media":63690,"comment_status":"open","ping_status":"open","sticky":false,"template":"","format":"standard","meta":{"footnotes":""},"categories":[5],"tags":[5558,5583,52,824],"class_list":["post-63689","post","type-post","status-publish","format-standard","has-post-thumbnail","hentry","category-shendetesi","tag-coronavirus","tag-covid19","tag-shqiperi","tag-vaksinimi"],"_links":{"self":[{"href":"https:\/\/prizrenpost.com\/al\/wp-json\/wp\/v2\/posts\/63689","targetHints":{"allow":["GET"]}}],"collection":[{"href":"https:\/\/prizrenpost.com\/al\/wp-json\/wp\/v2\/posts"}],"about":[{"href":"https:\/\/prizrenpost.com\/al\/wp-json\/wp\/v2\/types\/post"}],"author":[{"embeddable":true,"href":"https:\/\/prizrenpost.com\/al\/wp-json\/wp\/v2\/users\/1"}],"replies":[{"embeddable":true,"href":"https:\/\/prizrenpost.com\/al\/wp-json\/wp\/v2\/comments?post=63689"}],"version-history":[{"count":1,"href":"https:\/\/prizrenpost.com\/al\/wp-json\/wp\/v2\/posts\/63689\/revisions"}],"predecessor-version":[{"id":63691,"href":"https:\/\/prizrenpost.com\/al\/wp-json\/wp\/v2\/posts\/63689\/revisions\/63691"}],"wp:featuredmedia":[{"embeddable":true,"href":"https:\/\/prizrenpost.com\/al\/wp-json\/wp\/v2\/media\/63690"}],"wp:attachment":[{"href":"https:\/\/prizrenpost.com\/al\/wp-json\/wp\/v2\/media?parent=63689"}],"wp:term":[{"taxonomy":"category","embeddable":true,"href":"https:\/\/prizrenpost.com\/al\/wp-json\/wp\/v2\/categories?post=63689"},{"taxonomy":"post_tag","embeddable":true,"href":"https:\/\/prizrenpost.com\/al\/wp-json\/wp\/v2\/tags?post=63689"}],"curies":[{"name":"wp","href":"https:\/\/api.w.org\/{rel}","templated":true}]}}