{"id":63700,"date":"2021-06-16T20:28:26","date_gmt":"2021-06-16T18:28:26","guid":{"rendered":"https:\/\/prizrenpost.com\/al\/?p=63700"},"modified":"2021-06-25T17:06:23","modified_gmt":"2021-06-25T15:06:23","slug":"takimi-mes-lidereve-biden-dhe-putin-zgjati-gati-3-ore-e-gjysme","status":"publish","type":"post","link":"https:\/\/prizrenpost.com\/al\/takimi-mes-lidereve-biden-dhe-putin-zgjati-gati-3-ore-e-gjysme\/","title":{"rendered":"Takimi mes lider\u00ebve Biden dhe Putin zgjati gati 3 or\u00eb e gjysm\u00eb"},"content":{"rendered":"<p><img decoding=\"async\" src=\"https:\/\/prizrenpost.com\/al\/wp-content\/uploads\/2021\/06\/biden-putin.png\" alt=\"\" width=\"100%\" height=\"\" class=\"alignleft size-full wp-image-63701\" srcset=\"https:\/\/prizrenpost.com\/al\/wp-content\/uploads\/2021\/06\/biden-putin.png 623w, https:\/\/prizrenpost.com\/al\/wp-content\/uploads\/2021\/06\/biden-putin-300x193.png 300w\" sizes=\"(max-width: 623px) 100vw, 623px\" \/><\/p>\n<p><strong>GJENEV\u00cb &#8211; Ka p\u00ebrfunduar takimi mes President\u00ebve Joe Biden dhe Vladimir Putin q\u00eb zgjati m\u00eb shum\u00eb se 3 or\u00eb e gjysm\u00eb.<\/strong><\/p>\n<p>Takimi mes tyre u zhvillua n\u00eb Gjenev\u00eb, teksa mediat e huaja shkruajn\u00eb se Presidenti Biden \u00ebsht\u00eb larguar vet\u00ebm pak minuta m\u00eb par\u00eb nga Villa La Grange, ku u mbajt takimi mes dy lider\u00ebve.<\/p>\n<p>Sht\u00ebpia e Bardh\u00eb konfirmoi se takimi p\u00ebrfundoi n\u00eb or\u00ebn lokale 17:05.<\/p>\n<p>President\u00ebt Biden dhe Putin pritet t\u00eb japin konferenca shtypi t\u00eb ndara.<\/p>\n<p>Ishte Joe Biden ai q\u00eb e k\u00ebrkoi takimin e sot\u00ebm me Vladimir Putinin, dhe l\u00ebvizja e par\u00eb duket i takon pik\u00ebrisht presidentit amerikan, njofton TCH.<\/p>\n<p>T\u00eb dy lider\u00ebt zhvilluan takimin t\u00eb shoq\u00ebruar nga Ministri i Jasht\u00ebm rus, Sergei Lavrov dhe sekretari amerikan i shtetit t\u00eb SHBA, Anthony Blinken.<\/p>\n","protected":false},"excerpt":{"rendered":"<p>GJENEV\u00cb &#8211; Ka p\u00ebrfunduar takimi mes President\u00ebve Joe Biden dhe Vladimir Putin q\u00eb zgjati m\u00eb shum\u00eb se 3 or\u00eb e gjysm\u00eb. Takimi mes tyre u zhvillua n\u00eb Gjenev\u00eb, teksa mediat e huaja shkruajn\u00eb se Presidenti Biden \u00ebsht\u00eb larguar vet\u00ebm pak minuta m\u00eb par\u00eb nga Villa La Grange, ku u mbajt takimi mes dy lider\u00ebve. Sht\u00ebpia [&hellip;]<\/p>\n","protected":false},"author":1,"featured_media":63701,"comment_status":"open","ping_status":"open","sticky":false,"template":"","format":"standard","meta":{"footnotes":""},"categories":[1],"tags":[2361,1326,378,845],"class_list":["post-63700","post","type-post","status-publish","format-standard","has-post-thumbnail","hentry","category-lajme","tag-amerika","tag-joe-biden","tag-rusia","tag-vladimir-putin"],"_links":{"self":[{"href":"https:\/\/prizrenpost.com\/al\/wp-json\/wp\/v2\/posts\/63700","targetHints":{"allow":["GET"]}}],"collection":[{"href":"https:\/\/prizrenpost.com\/al\/wp-json\/wp\/v2\/posts"}],"about":[{"href":"https:\/\/prizrenpost.com\/al\/wp-json\/wp\/v2\/types\/post"}],"author":[{"embeddable":true,"href":"https:\/\/prizrenpost.com\/al\/wp-json\/wp\/v2\/users\/1"}],"replies":[{"embeddable":true,"href":"https:\/\/prizrenpost.com\/al\/wp-json\/wp\/v2\/comments?post=63700"}],"version-history":[{"count":1,"href":"https:\/\/prizrenpost.com\/al\/wp-json\/wp\/v2\/posts\/63700\/revisions"}],"predecessor-version":[{"id":63702,"href":"https:\/\/prizrenpost.com\/al\/wp-json\/wp\/v2\/posts\/63700\/revisions\/63702"}],"wp:featuredmedia":[{"embeddable":true,"href":"https:\/\/prizrenpost.com\/al\/wp-json\/wp\/v2\/media\/63701"}],"wp:attachment":[{"href":"https:\/\/prizrenpost.com\/al\/wp-json\/wp\/v2\/media?parent=63700"}],"wp:term":[{"taxonomy":"category","embeddable":true,"href":"https:\/\/prizrenpost.com\/al\/wp-json\/wp\/v2\/categories?post=63700"},{"taxonomy":"post_tag","embeddable":true,"href":"https:\/\/prizrenpost.com\/al\/wp-json\/wp\/v2\/tags?post=63700"}],"curies":[{"name":"wp","href":"https:\/\/api.w.org\/{rel}","templated":true}]}}