{"id":63981,"date":"2021-08-01T12:08:04","date_gmt":"2021-08-01T10:08:04","guid":{"rendered":"https:\/\/prizrenpost.com\/al\/?p=63981"},"modified":"2021-08-01T12:08:04","modified_gmt":"2021-08-01T10:08:04","slug":"nje-e-mitur-eshte-dhunuar-ne-prizren","status":"publish","type":"post","link":"https:\/\/prizrenpost.com\/al\/nje-e-mitur-eshte-dhunuar-ne-prizren\/","title":{"rendered":"Nj\u00eb e mitur \u00ebsht\u00eb dhunuar n\u00eb Prizren"},"content":{"rendered":"<p><img decoding=\"async\" src=\"https:\/\/prizrenpost.com\/al\/wp-content\/uploads\/2021\/08\/dhunim.jpg\" alt=\"\" width=\"100%\" height=\"\" class=\"alignleft size-full wp-image-63982\" srcset=\"https:\/\/prizrenpost.com\/al\/wp-content\/uploads\/2021\/08\/dhunim.jpg 780w, https:\/\/prizrenpost.com\/al\/wp-content\/uploads\/2021\/08\/dhunim-300x169.jpg 300w, https:\/\/prizrenpost.com\/al\/wp-content\/uploads\/2021\/08\/dhunim-768x432.jpg 768w\" sizes=\"(max-width: 780px) 100vw, 780px\" \/><\/p>\n<p><strong>PRIZREN &#8211; Nj\u00eb vajz\u00eb e mitur \u00ebsht\u00eb dhunuar nga nj\u00eb person n\u00eb Prizren, rasti \u00ebsht\u00eb duke u hetuar nga Policia.<\/strong><\/p>\n<p>\u201cViktima fem\u00ebr kosovare e mitur ka raportuar se pa d\u00ebshir\u00ebn e saj \u00ebsht\u00eb dhunuar nga nj\u00eb i dyshuar mashkull kosovar. Nj\u00ebsit\u00eb policore jan\u00eb duke hetuar rastin\u201d, thuhet n\u00eb raportin e Policis\u00eb s\u00eb Kosov\u00ebs.<\/p>\n","protected":false},"excerpt":{"rendered":"<p>PRIZREN &#8211; Nj\u00eb vajz\u00eb e mitur \u00ebsht\u00eb dhunuar nga nj\u00eb person n\u00eb Prizren, rasti \u00ebsht\u00eb duke u hetuar nga Policia. \u201cViktima fem\u00ebr kosovare e mitur ka raportuar se pa d\u00ebshir\u00ebn e saj \u00ebsht\u00eb dhunuar nga nj\u00eb i dyshuar mashkull kosovar. Nj\u00ebsit\u00eb policore jan\u00eb duke hetuar rastin\u201d, thuhet n\u00eb raportin e Policis\u00eb s\u00eb Kosov\u00ebs.<\/p>\n","protected":false},"author":1,"featured_media":63982,"comment_status":"open","ping_status":"open","sticky":false,"template":"","format":"standard","meta":{"footnotes":""},"categories":[22],"tags":[3803,5892,741,41],"class_list":["post-63981","post","type-post","status-publish","format-standard","has-post-thumbnail","hentry","category-prizren","tag-aktuale","tag-dhunim","tag-policia","tag-prizren"],"_links":{"self":[{"href":"https:\/\/prizrenpost.com\/al\/wp-json\/wp\/v2\/posts\/63981","targetHints":{"allow":["GET"]}}],"collection":[{"href":"https:\/\/prizrenpost.com\/al\/wp-json\/wp\/v2\/posts"}],"about":[{"href":"https:\/\/prizrenpost.com\/al\/wp-json\/wp\/v2\/types\/post"}],"author":[{"embeddable":true,"href":"https:\/\/prizrenpost.com\/al\/wp-json\/wp\/v2\/users\/1"}],"replies":[{"embeddable":true,"href":"https:\/\/prizrenpost.com\/al\/wp-json\/wp\/v2\/comments?post=63981"}],"version-history":[{"count":1,"href":"https:\/\/prizrenpost.com\/al\/wp-json\/wp\/v2\/posts\/63981\/revisions"}],"predecessor-version":[{"id":63983,"href":"https:\/\/prizrenpost.com\/al\/wp-json\/wp\/v2\/posts\/63981\/revisions\/63983"}],"wp:featuredmedia":[{"embeddable":true,"href":"https:\/\/prizrenpost.com\/al\/wp-json\/wp\/v2\/media\/63982"}],"wp:attachment":[{"href":"https:\/\/prizrenpost.com\/al\/wp-json\/wp\/v2\/media?parent=63981"}],"wp:term":[{"taxonomy":"category","embeddable":true,"href":"https:\/\/prizrenpost.com\/al\/wp-json\/wp\/v2\/categories?post=63981"},{"taxonomy":"post_tag","embeddable":true,"href":"https:\/\/prizrenpost.com\/al\/wp-json\/wp\/v2\/tags?post=63981"}],"curies":[{"name":"wp","href":"https:\/\/api.w.org\/{rel}","templated":true}]}}