{"id":64011,"date":"2021-09-19T18:17:35","date_gmt":"2021-09-19T16:17:35","guid":{"rendered":"https:\/\/prizrenpost.com\/al\/?p=64011"},"modified":"2021-09-19T18:17:35","modified_gmt":"2021-09-19T16:17:35","slug":"35-e-popullates-mbi-18-vjec-kane-marre-dy-doza-te-vaksines-anti-covid","status":"publish","type":"post","link":"https:\/\/prizrenpost.com\/al\/35-e-popullates-mbi-18-vjec-kane-marre-dy-doza-te-vaksines-anti-covid\/","title":{"rendered":"35% e popullat\u00ebs mbi 18 vje\u00e7 kan\u00eb marr\u00eb dy doza t\u00eb vaksin\u00ebs anti-COVID"},"content":{"rendered":"<p><img decoding=\"async\" src=\"https:\/\/prizrenpost.com\/al\/wp-content\/uploads\/2021\/09\/IMG_20210911_085902-scaled.jpg\" alt=\"\" width=\"100%\" height=\"\" class=\"alignleft size-full wp-image-64013\" srcset=\"https:\/\/prizrenpost.com\/al\/wp-content\/uploads\/2021\/09\/IMG_20210911_085902-scaled.jpg 2560w, https:\/\/prizrenpost.com\/al\/wp-content\/uploads\/2021\/09\/IMG_20210911_085902-300x182.jpg 300w, https:\/\/prizrenpost.com\/al\/wp-content\/uploads\/2021\/09\/IMG_20210911_085902-1024x621.jpg 1024w, https:\/\/prizrenpost.com\/al\/wp-content\/uploads\/2021\/09\/IMG_20210911_085902-768x465.jpg 768w, https:\/\/prizrenpost.com\/al\/wp-content\/uploads\/2021\/09\/IMG_20210911_085902-1536x931.jpg 1536w, https:\/\/prizrenpost.com\/al\/wp-content\/uploads\/2021\/09\/IMG_20210911_085902-2048x1241.jpg 2048w\" sizes=\"(max-width: 2560px) 100vw, 2560px\" \/><\/p>\n<p><strong>PRIZREN &#8211; Qeveria e Kosov\u00ebs ka b\u00ebr\u00eb t\u00eb ditur se deri tani mbi 440 mij\u00eb qytetar\u00eb jan\u00eb vaksinuar me dy doza apo 35% e popullat\u00ebs s\u00eb rritur \u2013 mbi 18 vje\u00e7.<\/strong><\/p>\n<p>Sipas njoftimit, procesi i vaksinimit po vazhdon dhe me k\u00ebt\u00eb rit\u00ebm jan\u00eb n\u00eb rrug\u00eb t\u00eb mbar\u00eb q\u00eb t\u00eb tejkalojn\u00eb cakun prej 60% t\u00eb popullat\u00ebs s\u00eb rritur deri n\u00eb fund t\u00eb vitit.<\/p>\n<p>\u201cNga sot kemi n\u00ebn 10.000 raste aktive, p\u00ebr her\u00eb t\u00eb par\u00eb pas 15 gushtit, kurse sot pozitivitet i rasteve t\u00eb reja \u00ebsht\u00eb vet\u00ebm 2.98%, m\u00eb i ul\u00ebti q\u00eb nga 2 gushti.<br \/>\nFamiljeve t\u00eb viktimave nga COVID-19 u shprehim ngushllimet m\u00eb t\u00eb sinqerta\u201d.<\/p>\n<p>\u201cLe t\u00eb vazhdojm\u00eb me kujdes, duke i respektuar masat dhe duke u vaksinuar. Bashk\u00eb ia dalim!\u201d, thuhet n\u00eb njoftimin e Qeveris\u00eb.<\/p>\n<p>Ministria e Sh\u00ebndet\u00ebsis\u00eb ka njoftuar se t\u00eb diel\u00ebn jan\u00eb regjistruar 10 viktima me coronavirus si dhe jan\u00eb regjistruar edhe 173 persona me COVID-19.<\/p>\n<p>Sh\u00ebrbimi Spitalor Klinik dhe Universitar i Kosov\u00ebs (SHSKUK) ka njoftuar t\u00eb diel\u00ebn se n\u00eb spitalet e Kosov\u00ebs jan\u00eb duke u trajtuar 591 pacient\u00eb t\u00eb infektuar me koronavirus, p\u00ebr dallim nga 598 sa kan\u00eb qen\u00eb nj\u00eb dit\u00eb m\u00eb par\u00eb.<\/p>\n<p>Prej tyre, 49 pacient\u00eb jan\u00eb n\u00eb kujdes intensiv derisa 458 pacient\u00eb jan\u00eb n\u00eb oksigjenoterapi.<\/p>\n<p>Q\u00eb nga shp\u00ebrthimit t\u00eb pandemis\u00eb n\u00eb mars t\u00eb vitit 2020, Kosova ka regjistruar mbi 158.000 raste t\u00eb infektimit \u2013 prej tyre 2.899 persona kan\u00eb vdekur.<\/p>\n","protected":false},"excerpt":{"rendered":"<p>PRIZREN &#8211; Qeveria e Kosov\u00ebs ka b\u00ebr\u00eb t\u00eb ditur se deri tani mbi 440 mij\u00eb qytetar\u00eb jan\u00eb vaksinuar me dy doza apo 35% e popullat\u00ebs s\u00eb rritur \u2013 mbi 18 vje\u00e7. Sipas njoftimit, procesi i vaksinimit po vazhdon dhe me k\u00ebt\u00eb rit\u00ebm jan\u00eb n\u00eb rrug\u00eb t\u00eb mbar\u00eb q\u00eb t\u00eb tejkalojn\u00eb cakun prej 60% t\u00eb popullat\u00ebs [&hellip;]<\/p>\n","protected":false},"author":1,"featured_media":64013,"comment_status":"open","ping_status":"open","sticky":false,"template":"","format":"standard","meta":{"footnotes":""},"categories":[5],"tags":[3803,5558,5583,48,5741,695,824],"class_list":["post-64011","post","type-post","status-publish","format-standard","has-post-thumbnail","hentry","category-shendetesi","tag-aktuale","tag-coronavirus","tag-covid19","tag-kosove","tag-pandemia","tag-qeveria","tag-vaksinimi"],"_links":{"self":[{"href":"https:\/\/prizrenpost.com\/al\/wp-json\/wp\/v2\/posts\/64011","targetHints":{"allow":["GET"]}}],"collection":[{"href":"https:\/\/prizrenpost.com\/al\/wp-json\/wp\/v2\/posts"}],"about":[{"href":"https:\/\/prizrenpost.com\/al\/wp-json\/wp\/v2\/types\/post"}],"author":[{"embeddable":true,"href":"https:\/\/prizrenpost.com\/al\/wp-json\/wp\/v2\/users\/1"}],"replies":[{"embeddable":true,"href":"https:\/\/prizrenpost.com\/al\/wp-json\/wp\/v2\/comments?post=64011"}],"version-history":[{"count":1,"href":"https:\/\/prizrenpost.com\/al\/wp-json\/wp\/v2\/posts\/64011\/revisions"}],"predecessor-version":[{"id":64014,"href":"https:\/\/prizrenpost.com\/al\/wp-json\/wp\/v2\/posts\/64011\/revisions\/64014"}],"wp:featuredmedia":[{"embeddable":true,"href":"https:\/\/prizrenpost.com\/al\/wp-json\/wp\/v2\/media\/64013"}],"wp:attachment":[{"href":"https:\/\/prizrenpost.com\/al\/wp-json\/wp\/v2\/media?parent=64011"}],"wp:term":[{"taxonomy":"category","embeddable":true,"href":"https:\/\/prizrenpost.com\/al\/wp-json\/wp\/v2\/categories?post=64011"},{"taxonomy":"post_tag","embeddable":true,"href":"https:\/\/prizrenpost.com\/al\/wp-json\/wp\/v2\/tags?post=64011"}],"curies":[{"name":"wp","href":"https:\/\/api.w.org\/{rel}","templated":true}]}}