{"id":64027,"date":"2021-09-25T10:51:59","date_gmt":"2021-09-25T08:51:59","guid":{"rendered":"https:\/\/prizrenpost.com\/al\/?p=64027"},"modified":"2021-09-25T10:51:59","modified_gmt":"2021-09-25T08:51:59","slug":"serbet-e-kosoves-te-frikesuar-thone-se-po-detyrohen-te-qendrojne-ne-barrikada","status":"publish","type":"post","link":"https:\/\/prizrenpost.com\/al\/serbet-e-kosoves-te-frikesuar-thone-se-po-detyrohen-te-qendrojne-ne-barrikada\/","title":{"rendered":"Serb\u00ebt e Kosov\u00ebs t\u00eb frik\u00ebsuar, thon\u00eb se po detyrohen t\u00eb q\u00ebndrojn\u00eb n\u00eb barrikada"},"content":{"rendered":"<p><img decoding=\"async\" src=\"https:\/\/prizrenpost.com\/al\/wp-content\/uploads\/2021\/09\/serbet.png\" alt=\"\" width=\"100%\" height=\"\" class=\"alignleft size-full wp-image-64028\" srcset=\"https:\/\/prizrenpost.com\/al\/wp-content\/uploads\/2021\/09\/serbet.png 780w, https:\/\/prizrenpost.com\/al\/wp-content\/uploads\/2021\/09\/serbet-300x169.png 300w, https:\/\/prizrenpost.com\/al\/wp-content\/uploads\/2021\/09\/serbet-768x432.png 768w\" sizes=\"(max-width: 780px) 100vw, 780px\" \/><\/p>\n<p><strong>MITROVIC\u00cb &#8211; Disa punonj\u00ebs t\u00eb institucioneve serbe q\u00eb veprojn\u00eb n\u00eb Kosov\u00eb kan\u00eb konfirmuar p\u00ebr Radion Evropa e Lir\u00eb (n\u00eb gjuh\u00ebn serbe) se ata jan\u00eb \u201ct\u00eb detyruar\u201d t\u00eb marrin pjes\u00eb n\u00eb bllokimin e vendkalimeve kufitare Jarinj\u00eb dhe B\u00ebrnjak. Ata deklarojn\u00eb se autoritetet lokale po u k\u00ebrkojn\u00eb ta b\u00ebjn\u00eb k\u00ebt\u00eb, por ata k\u00ebmb\u00ebngul\u00ebn q\u00eb identiteti i tyre t\u00eb mos zbulohet.<\/strong><\/p>\n<p>Gjithashtu, derisa protestat vazhdojn\u00eb n\u00eb k\u00ebto pika kufitare, shumica e objekteve t\u00eb hoteleris\u00eb n\u00eb kat\u00ebr komuna n\u00eb veri t\u00eb Kosov\u00ebs po mbyllen.<\/p>\n<p>Si\u00e7 iu konfirmua REL-it, q\u00ebllimi i k\u00ebsaj mase \u00ebsht\u00eb q\u00eb sa m\u00eb shum\u00eb njer\u00ebz t\u00eb shkojn\u00eb n\u00eb barrikada n\u00eb Leposaviq, ku ndodhet pik\u00eb-kalimi Jarinj\u00eb, ose n\u00eb Zubin Potok, n\u00eb territorin e t\u00eb cilit ndodhet kalimi kufitar B\u00ebrnjak.<\/p>\n<p>Megjithat\u00eb, as pronar\u00ebt e restoranteve n\u00eb veri t\u00eb Kosov\u00ebs nuk kan\u00eb dashur t\u00eb zbulojn\u00eb identitetin e tyre.<\/p>\n<p>Udh\u00ebkryqi Jarinj\u00eb dhe B\u00ebrnjak, por edhe rrug\u00ebt q\u00eb t\u00eb \u00e7ojn\u00eb n\u00eb to jan\u00eb bllokuar p\u00ebr kat\u00ebr gjasht\u00eb nga serb\u00ebt vendas, p\u00ebr shkak t\u00eb vendimit t\u00eb autoriteteve t\u00eb Kosov\u00ebs p\u00ebr reciprocitet t\u00eb targave me Serbin\u00eb.<\/p>\n<p>N\u00eb vitin 2011, KFOR-i identifikoi Zvonko Veselinoviqin si personin q\u00eb organizoi ngritjen e barrikadave dhe trazirave n\u00eb at\u00eb pjes\u00eb t\u00eb Kosov\u00ebs.<\/p>\n<p>Zvonko Veselinoviq, nj\u00eb biznesmen nga veriu i Kosov\u00ebs, s\u00eb bashku me n\u00ebnkryetarin e List\u00ebs Serbe, Milan Radoi\u00e7iq, \u00ebsht\u00eb i lidhur me disa veprime kriminale kund\u00ebr t\u00eb cilave jan\u00eb kryer disa procedura para autoriteteve gjyq\u00ebsore n\u00eb Serbi.<\/p>\n<p>Nj\u00eb aktakuz\u00eb u ngrit kund\u00ebr Veselinoviq dhe Radoi\u00e7iq n\u00eb vitin 2011, duke i akuzuar ata p\u00ebr keqp\u00ebrdorimin e 32 kamion\u00ebve Hypo Alpe Adria Leasing, q\u00eb p\u00ebrkonte me vendimin e Beogradit p\u00ebr t\u00eb filluar nj\u00eb dialog me Prishtin\u00ebn dhe duke u b\u00ebr\u00eb thirrje serb\u00ebve nga veriu i Kosov\u00ebs q\u00eb t\u00eb hiqnin barrikadat. T\u00eb dy u liruan nga akuzat n\u00eb vitin 2016. <\/p>\n","protected":false},"excerpt":{"rendered":"<p>MITROVIC\u00cb &#8211; Disa punonj\u00ebs t\u00eb institucioneve serbe q\u00eb veprojn\u00eb n\u00eb Kosov\u00eb kan\u00eb konfirmuar p\u00ebr Radion Evropa e Lir\u00eb (n\u00eb gjuh\u00ebn serbe) se ata jan\u00eb \u201ct\u00eb detyruar\u201d t\u00eb marrin pjes\u00eb n\u00eb bllokimin e vendkalimeve kufitare Jarinj\u00eb dhe B\u00ebrnjak. Ata deklarojn\u00eb se autoritetet lokale po u k\u00ebrkojn\u00eb ta b\u00ebjn\u00eb k\u00ebt\u00eb, por ata k\u00ebmb\u00ebngul\u00ebn q\u00eb identiteti i tyre [&hellip;]<\/p>\n","protected":false},"author":1,"featured_media":64028,"comment_status":"open","ping_status":"open","sticky":false,"template":"","format":"standard","meta":{"footnotes":""},"categories":[1],"tags":[3803,48,743,1158],"class_list":["post-64027","post","type-post","status-publish","format-standard","has-post-thumbnail","hentry","category-lajme","tag-aktuale","tag-kosove","tag-mitrovice","tag-serbet"],"_links":{"self":[{"href":"https:\/\/prizrenpost.com\/al\/wp-json\/wp\/v2\/posts\/64027","targetHints":{"allow":["GET"]}}],"collection":[{"href":"https:\/\/prizrenpost.com\/al\/wp-json\/wp\/v2\/posts"}],"about":[{"href":"https:\/\/prizrenpost.com\/al\/wp-json\/wp\/v2\/types\/post"}],"author":[{"embeddable":true,"href":"https:\/\/prizrenpost.com\/al\/wp-json\/wp\/v2\/users\/1"}],"replies":[{"embeddable":true,"href":"https:\/\/prizrenpost.com\/al\/wp-json\/wp\/v2\/comments?post=64027"}],"version-history":[{"count":1,"href":"https:\/\/prizrenpost.com\/al\/wp-json\/wp\/v2\/posts\/64027\/revisions"}],"predecessor-version":[{"id":64029,"href":"https:\/\/prizrenpost.com\/al\/wp-json\/wp\/v2\/posts\/64027\/revisions\/64029"}],"wp:featuredmedia":[{"embeddable":true,"href":"https:\/\/prizrenpost.com\/al\/wp-json\/wp\/v2\/media\/64028"}],"wp:attachment":[{"href":"https:\/\/prizrenpost.com\/al\/wp-json\/wp\/v2\/media?parent=64027"}],"wp:term":[{"taxonomy":"category","embeddable":true,"href":"https:\/\/prizrenpost.com\/al\/wp-json\/wp\/v2\/categories?post=64027"},{"taxonomy":"post_tag","embeddable":true,"href":"https:\/\/prizrenpost.com\/al\/wp-json\/wp\/v2\/tags?post=64027"}],"curies":[{"name":"wp","href":"https:\/\/api.w.org\/{rel}","templated":true}]}}