{"id":64046,"date":"2021-10-02T13:57:00","date_gmt":"2021-10-02T11:57:00","guid":{"rendered":"https:\/\/prizrenpost.com\/al\/?p=64046"},"modified":"2021-10-02T13:57:00","modified_gmt":"2021-10-02T11:57:00","slug":"largohet-edhe-kamioni-i-fundit-i-serbeve-nga-jarinja-kfor-i-monitoron-situaten","status":"publish","type":"post","link":"https:\/\/prizrenpost.com\/al\/largohet-edhe-kamioni-i-fundit-i-serbeve-nga-jarinja-kfor-i-monitoron-situaten\/","title":{"rendered":"Largohet edhe kamioni i fundit i serb\u00ebve nga Jarinja \u2013 KFOR-i monitoron situat\u00ebn"},"content":{"rendered":"<p><img decoding=\"async\" src=\"https:\/\/prizrenpost.com\/al\/wp-content\/uploads\/2021\/10\/kamioni.png\" alt=\"\" width=\"100%\" height=\"\" class=\"alignleft size-full wp-image-64047\" srcset=\"https:\/\/prizrenpost.com\/al\/wp-content\/uploads\/2021\/10\/kamioni.png 780w, https:\/\/prizrenpost.com\/al\/wp-content\/uploads\/2021\/10\/kamioni-300x169.png 300w, https:\/\/prizrenpost.com\/al\/wp-content\/uploads\/2021\/10\/kamioni-768x432.png 768w\" sizes=\"(max-width: 780px) 100vw, 780px\" \/><\/p>\n<p><strong>MITROVIC\u00cb &#8211; \u00cbsht\u00eb larguar kamioni i fundit i barrikad\u00ebs s\u00eb krijuar n\u00eb Jarinj\u00eb.<\/strong> <\/p>\n<p>Pas largimit t\u00eb kamionit, rrug\u00ebt jan\u00eb t\u00eb lira p\u00ebr qarkullim.<\/p>\n<p>Nd\u00ebrkoh\u00eb, KFOR-i \u00ebsht\u00eb duke monitoruar situat\u00ebn edhe me helikopter.<\/p>\n","protected":false},"excerpt":{"rendered":"<p>MITROVIC\u00cb &#8211; \u00cbsht\u00eb larguar kamioni i fundit i barrikad\u00ebs s\u00eb krijuar n\u00eb Jarinj\u00eb. Pas largimit t\u00eb kamionit, rrug\u00ebt jan\u00eb t\u00eb lira p\u00ebr qarkullim. Nd\u00ebrkoh\u00eb, KFOR-i \u00ebsht\u00eb duke monitoruar situat\u00ebn edhe me helikopter.<\/p>\n","protected":false},"author":1,"featured_media":64047,"comment_status":"open","ping_status":"open","sticky":false,"template":"","format":"standard","meta":{"footnotes":""},"categories":[1],"tags":[5900,4191,1428,48,741,1158],"class_list":["post-64046","post","type-post","status-publish","format-standard","has-post-thumbnail","hentry","category-lajme","tag-bllokada","tag-jarinje","tag-kfor","tag-kosove","tag-policia","tag-serbet"],"_links":{"self":[{"href":"https:\/\/prizrenpost.com\/al\/wp-json\/wp\/v2\/posts\/64046","targetHints":{"allow":["GET"]}}],"collection":[{"href":"https:\/\/prizrenpost.com\/al\/wp-json\/wp\/v2\/posts"}],"about":[{"href":"https:\/\/prizrenpost.com\/al\/wp-json\/wp\/v2\/types\/post"}],"author":[{"embeddable":true,"href":"https:\/\/prizrenpost.com\/al\/wp-json\/wp\/v2\/users\/1"}],"replies":[{"embeddable":true,"href":"https:\/\/prizrenpost.com\/al\/wp-json\/wp\/v2\/comments?post=64046"}],"version-history":[{"count":1,"href":"https:\/\/prizrenpost.com\/al\/wp-json\/wp\/v2\/posts\/64046\/revisions"}],"predecessor-version":[{"id":64048,"href":"https:\/\/prizrenpost.com\/al\/wp-json\/wp\/v2\/posts\/64046\/revisions\/64048"}],"wp:featuredmedia":[{"embeddable":true,"href":"https:\/\/prizrenpost.com\/al\/wp-json\/wp\/v2\/media\/64047"}],"wp:attachment":[{"href":"https:\/\/prizrenpost.com\/al\/wp-json\/wp\/v2\/media?parent=64046"}],"wp:term":[{"taxonomy":"category","embeddable":true,"href":"https:\/\/prizrenpost.com\/al\/wp-json\/wp\/v2\/categories?post=64046"},{"taxonomy":"post_tag","embeddable":true,"href":"https:\/\/prizrenpost.com\/al\/wp-json\/wp\/v2\/tags?post=64046"}],"curies":[{"name":"wp","href":"https:\/\/api.w.org\/{rel}","templated":true}]}}