{"id":64058,"date":"2021-10-11T22:52:23","date_gmt":"2021-10-11T20:52:23","guid":{"rendered":"https:\/\/prizrenpost.com\/al\/?p=64058"},"modified":"2021-10-11T22:52:23","modified_gmt":"2021-10-11T20:52:23","slug":"gastronomet-bejne-kerkese-per-lehtesim-te-masave-anti-covid","status":"publish","type":"post","link":"https:\/\/prizrenpost.com\/al\/gastronomet-bejne-kerkese-per-lehtesim-te-masave-anti-covid\/","title":{"rendered":"Gastronom\u00ebt b\u00ebjn\u00eb k\u00ebrkes\u00eb p\u00ebr leht\u00ebsim t\u00eb masave anti-COVID"},"content":{"rendered":"<p><img decoding=\"async\" src=\"https:\/\/prizrenpost.com\/al\/wp-content\/uploads\/2021\/10\/takeout_large.jpeg\" alt=\"\" width=\"100%\" height=\"\" class=\"alignleft size-full wp-image-64059\" srcset=\"https:\/\/prizrenpost.com\/al\/wp-content\/uploads\/2021\/10\/takeout_large.jpeg 1800w, https:\/\/prizrenpost.com\/al\/wp-content\/uploads\/2021\/10\/takeout_large-300x169.jpeg 300w, https:\/\/prizrenpost.com\/al\/wp-content\/uploads\/2021\/10\/takeout_large-1024x576.jpeg 1024w, https:\/\/prizrenpost.com\/al\/wp-content\/uploads\/2021\/10\/takeout_large-768x432.jpeg 768w, https:\/\/prizrenpost.com\/al\/wp-content\/uploads\/2021\/10\/takeout_large-1536x864.jpeg 1536w\" sizes=\"(max-width: 1800px) 100vw, 1800px\" \/><\/p>\n<p><strong>PRISHTIN\u00cb &#8211; Shoqata e Gastronom\u00ebve t\u00eb Kosov\u00ebs ka reaguar p\u00ebr shkak t\u00eb mos heqjes s\u00eb masave kufizuese.<\/strong><\/p>\n<p>N\u00eb nj\u00eb postim n\u00eb Facebook gastronom\u00ebt thon\u00eb se masat aktuale p\u00ebr veprimtarin\u00eb e bizneseve duhet t\u00eb leht\u00ebsohen.<\/p>\n<p>\u201cMasat duhet t\u00eb leht\u00ebsohen, gjendja epidemiologjike \u00ebsht\u00eb stabile, procesi i vaksinimit po shkon shum\u00eb mir\u00eb, gjithsesi duke vazhduar me kontroll ndaj klient\u00ebve tan\u00eb. Rrjedhimisht, orari i funksionimit t\u00eb bizneseve duhet t\u00eb b\u00ebhet n\u00eb pajtim me rregulloret komunale p\u00ebr orarin e pun\u00ebs s\u00eb bizneseve, shfryt\u00ebzimi i kapaciteteve t\u00eb brendshme duhet t\u00eb rritet, ora policore duhet t\u00eb hiqet\u201d, thuhet n\u00eb reagim.<\/p>\n<p>P\u00ebr m\u00eb tep\u00ebr, gastronom\u00ebt konsiderojn\u00eb se masat aktuale nuk kan\u00eb efekt n\u00eb uljen e rasteve t\u00eb reja me koronavirus.<\/p>\n<p>Kjo shoqat\u00eb i b\u00ebn\u00eb thirrje Ministris\u00eb s\u00eb Sh\u00ebndet\u00ebsis\u00eb p\u00ebr nj\u00eb takim t\u00eb p\u00ebrbashk\u00ebt n\u00eb t\u00eb cilin do t\u00eb arrihej nj\u00eb zgjidhje adekuate p\u00ebr masat aktuale.<\/p>\n<p>Sipas masave aktuale kund\u00ebrCOVID-19, aktiviteti i gastronomis\u00eb lejohet deri n\u00eb 21:30, nd\u00ebrsa l\u00ebvizja e qytetar\u00ebve kufizohet nga ora 22:00-05:00.<\/p>\n","protected":false},"excerpt":{"rendered":"<p>PRISHTIN\u00cb &#8211; Shoqata e Gastronom\u00ebve t\u00eb Kosov\u00ebs ka reaguar p\u00ebr shkak t\u00eb mos heqjes s\u00eb masave kufizuese. N\u00eb nj\u00eb postim n\u00eb Facebook gastronom\u00ebt thon\u00eb se masat aktuale p\u00ebr veprimtarin\u00eb e bizneseve duhet t\u00eb leht\u00ebsohen. \u201cMasat duhet t\u00eb leht\u00ebsohen, gjendja epidemiologjike \u00ebsht\u00eb stabile, procesi i vaksinimit po shkon shum\u00eb mir\u00eb, gjithsesi duke vazhduar me kontroll ndaj [&hellip;]<\/p>\n","protected":false},"author":1,"featured_media":64059,"comment_status":"open","ping_status":"open","sticky":false,"template":"","format":"standard","meta":{"footnotes":""},"categories":[25],"tags":[3803,5583,5902,48,5741],"class_list":["post-64058","post","type-post","status-publish","format-standard","has-post-thumbnail","hentry","category-ekonomi","tag-aktuale","tag-covid19","tag-gastronomia","tag-kosove","tag-pandemia"],"_links":{"self":[{"href":"https:\/\/prizrenpost.com\/al\/wp-json\/wp\/v2\/posts\/64058","targetHints":{"allow":["GET"]}}],"collection":[{"href":"https:\/\/prizrenpost.com\/al\/wp-json\/wp\/v2\/posts"}],"about":[{"href":"https:\/\/prizrenpost.com\/al\/wp-json\/wp\/v2\/types\/post"}],"author":[{"embeddable":true,"href":"https:\/\/prizrenpost.com\/al\/wp-json\/wp\/v2\/users\/1"}],"replies":[{"embeddable":true,"href":"https:\/\/prizrenpost.com\/al\/wp-json\/wp\/v2\/comments?post=64058"}],"version-history":[{"count":1,"href":"https:\/\/prizrenpost.com\/al\/wp-json\/wp\/v2\/posts\/64058\/revisions"}],"predecessor-version":[{"id":64060,"href":"https:\/\/prizrenpost.com\/al\/wp-json\/wp\/v2\/posts\/64058\/revisions\/64060"}],"wp:featuredmedia":[{"embeddable":true,"href":"https:\/\/prizrenpost.com\/al\/wp-json\/wp\/v2\/media\/64059"}],"wp:attachment":[{"href":"https:\/\/prizrenpost.com\/al\/wp-json\/wp\/v2\/media?parent=64058"}],"wp:term":[{"taxonomy":"category","embeddable":true,"href":"https:\/\/prizrenpost.com\/al\/wp-json\/wp\/v2\/categories?post=64058"},{"taxonomy":"post_tag","embeddable":true,"href":"https:\/\/prizrenpost.com\/al\/wp-json\/wp\/v2\/tags?post=64058"}],"curies":[{"name":"wp","href":"https:\/\/api.w.org\/{rel}","templated":true}]}}