{"id":64083,"date":"2021-10-14T23:31:47","date_gmt":"2021-10-14T21:31:47","guid":{"rendered":"https:\/\/prizrenpost.com\/al\/?p=64083"},"modified":"2021-10-14T23:31:47","modified_gmt":"2021-10-14T21:31:47","slug":"nuk-jane-te-sigurta-iniciativat-qe-nuk-e-kane-brenda-be-ne","status":"publish","type":"post","link":"https:\/\/prizrenpost.com\/al\/nuk-jane-te-sigurta-iniciativat-qe-nuk-e-kane-brenda-be-ne\/","title":{"rendered":"Nuk jan\u00eb t\u00eb sigurta iniciativat q\u00eb nuk e kan\u00eb brenda BE-n\u00eb"},"content":{"rendered":"<p><img decoding=\"async\" src=\"https:\/\/prizrenpost.com\/al\/wp-content\/uploads\/2021\/10\/kurti.png\" alt=\"\" width=\"100%\" height=\"\" class=\"alignleft size-full wp-image-64084\" srcset=\"https:\/\/prizrenpost.com\/al\/wp-content\/uploads\/2021\/10\/kurti.png 780w, https:\/\/prizrenpost.com\/al\/wp-content\/uploads\/2021\/10\/kurti-300x169.png 300w, https:\/\/prizrenpost.com\/al\/wp-content\/uploads\/2021\/10\/kurti-768x432.png 768w\" sizes=\"(max-width: 780px) 100vw, 780px\" \/><\/p>\n<p><strong>SHKUP &#8211; Kryeministri i Kosov\u00ebs, Albin Kurti, n\u00eb Samitin Ekonomik n\u00eb Shkup \u00ebsht\u00eb deklaruar edhe p\u00ebr iniciativ\u00ebn \u201cOpen Balkan\u201d, p\u00ebr t\u00eb cil\u00ebn ka th\u00ebn\u00eb se nuk kan\u00eb diskutuar n\u00eb k\u00ebt\u00eb samit, por si\u00e7 theksoi ai beson n\u00eb Procesin e Berlinit.<\/strong><\/p>\n<p>Kurti theksoi se nuk u p\u00ebrket grupit t\u00eb politikan\u00ebve q\u00eb besojn\u00eb ne vet\u00ebmjaftueshm\u00ebrin\u00eb e Ballkanit.<\/p>\n<p>Sipas Kurtit iniciativat ku nuk \u00ebsht\u00eb i p\u00ebrfshir\u00eb Bashkimi Evropian nuk jan\u00eb t\u00eb sigurta, t\u00eb q\u00ebndrueshme e as t\u00eb dobishme.<\/p>\n<p>\u201cNuk e kemi konsideruar k\u00ebt\u00eb tem\u00eb. Ne besojm\u00eb n\u00eb Procesin e Berlinit dhe n\u00eb tregun e p\u00ebrbashk\u00ebt rajonal q\u00eb \u00ebsht\u00eb pjes\u00eb e Procesit t\u00eb Berlinit. Mendojm\u00eb se iniciativa t\u00eb cilat nuk e kan\u00eb Bashkimin Evropian brenda, nuk mund t\u00eb jen\u00eb t\u00eb sigurta, t\u00eb q\u00ebndrueshme dhe t\u00eb dobishme. Prandaj, m\u00eb shum\u00eb e theksojm\u00eb nevoj\u00ebn e bashk\u00ebpunimit bilateral brenda procesit t\u00eb Berlinit. N\u00eb an\u00ebn tjet\u00ebr edhe si orientim politik, edhe si ndjeshm\u00ebri kulturore, un\u00eb nuk ju p\u00ebrkas atyre politikan\u00ebve t\u00eb cil\u00ebt besojn\u00eb n\u00eb vet\u00ebmjaftueshm\u00ebrin\u00eb e Ballkanit\u201d, theksoi kryeministri Kurti para medieve n\u00eb Shkup.<\/p>\n","protected":false},"excerpt":{"rendered":"<p>SHKUP &#8211; Kryeministri i Kosov\u00ebs, Albin Kurti, n\u00eb Samitin Ekonomik n\u00eb Shkup \u00ebsht\u00eb deklaruar edhe p\u00ebr iniciativ\u00ebn \u201cOpen Balkan\u201d, p\u00ebr t\u00eb cil\u00ebn ka th\u00ebn\u00eb se nuk kan\u00eb diskutuar n\u00eb k\u00ebt\u00eb samit, por si\u00e7 theksoi ai beson n\u00eb Procesin e Berlinit. Kurti theksoi se nuk u p\u00ebrket grupit t\u00eb politikan\u00ebve q\u00eb besojn\u00eb ne vet\u00ebmjaftueshm\u00ebrin\u00eb e Ballkanit. [&hellip;]<\/p>\n","protected":false},"author":1,"featured_media":64084,"comment_status":"open","ping_status":"open","sticky":false,"template":"","format":"standard","meta":{"footnotes":""},"categories":[25,1],"tags":[877,287,5905,5906,946],"class_list":["post-64083","post","type-post","status-publish","format-standard","has-post-thumbnail","hentry","category-ekonomi","category-lajme","tag-albin-kurti","tag-kosova","tag-open-balkan","tag-samiti-ekonomik","tag-shkup"],"_links":{"self":[{"href":"https:\/\/prizrenpost.com\/al\/wp-json\/wp\/v2\/posts\/64083","targetHints":{"allow":["GET"]}}],"collection":[{"href":"https:\/\/prizrenpost.com\/al\/wp-json\/wp\/v2\/posts"}],"about":[{"href":"https:\/\/prizrenpost.com\/al\/wp-json\/wp\/v2\/types\/post"}],"author":[{"embeddable":true,"href":"https:\/\/prizrenpost.com\/al\/wp-json\/wp\/v2\/users\/1"}],"replies":[{"embeddable":true,"href":"https:\/\/prizrenpost.com\/al\/wp-json\/wp\/v2\/comments?post=64083"}],"version-history":[{"count":1,"href":"https:\/\/prizrenpost.com\/al\/wp-json\/wp\/v2\/posts\/64083\/revisions"}],"predecessor-version":[{"id":64085,"href":"https:\/\/prizrenpost.com\/al\/wp-json\/wp\/v2\/posts\/64083\/revisions\/64085"}],"wp:featuredmedia":[{"embeddable":true,"href":"https:\/\/prizrenpost.com\/al\/wp-json\/wp\/v2\/media\/64084"}],"wp:attachment":[{"href":"https:\/\/prizrenpost.com\/al\/wp-json\/wp\/v2\/media?parent=64083"}],"wp:term":[{"taxonomy":"category","embeddable":true,"href":"https:\/\/prizrenpost.com\/al\/wp-json\/wp\/v2\/categories?post=64083"},{"taxonomy":"post_tag","embeddable":true,"href":"https:\/\/prizrenpost.com\/al\/wp-json\/wp\/v2\/tags?post=64083"}],"curies":[{"name":"wp","href":"https:\/\/api.w.org\/{rel}","templated":true}]}}