{"id":64296,"date":"2021-12-14T18:16:27","date_gmt":"2021-12-14T17:16:27","guid":{"rendered":"https:\/\/prizrenpost.com\/al\/?p=64296"},"modified":"2021-12-14T19:51:37","modified_gmt":"2021-12-14T18:51:37","slug":"perkujtohet-23-vjetori-i-betejes-se-pashtrikut","status":"publish","type":"post","link":"https:\/\/prizrenpost.com\/al\/perkujtohet-23-vjetori-i-betejes-se-pashtrikut\/","title":{"rendered":"P\u00ebrkujtohet 23 vjetori i Betej\u00ebs s\u00eb Pashtrikut"},"content":{"rendered":"<p><strong>PRIZREN &#8211; Beteja e Pashtrikut ishte nje\u0308 prej betejave me\u0308 te\u0308 lavdishme te\u0308 Ushtrise\u0308 C\u0327lirimtare te\u0308 Kosove\u0308s, ajo ndodhi n\u00eb vendin e quajtur \u201cLikenet e Hasit\u201d n\u00eb Pashtrik.<\/strong><\/p>\n<p>Sot u sh\u00ebnua p\u00ebrvjetori i 23-t\u00eb i Betej\u00ebs s\u00eb Pashtrikut nga dhjet\u00ebra veteran\u00eb e familjar\u00eb t\u00eb t\u00eb r\u00ebn\u00ebve d\u00ebshmor\u00eb t\u00eb liris\u00eb. Bashk\u00eb me ta ishin edhe kryetar\u00ebt e sapozgjedhur t\u00eb Prizrenit dhe Rahovecit, Shaqir Totaj dhe Smajl Latifi.<\/p>\n<p>&#8220;Lufta e tyre heroike me n\u00eb krye komandantin Muj\u00eb Krasniqi frym\u00ebzoi popullin ton\u00eb p\u00ebr t\u00eb vazhduar deri n\u00eb fund betej\u00ebn p\u00ebr lirin\u00eb dhe pavar\u00ebsin\u00eb e Kosov\u00ebs. Guximin e sakrific\u00ebn e tyre do ta p\u00ebrkujtojm\u00eb e lart\u00ebsojm\u00eb gjithnj\u00eb. Lavdi vepr\u00ebs s\u00eb tyre heroike!&#8221; &#8211; tha Totaj.<\/p>\n<p><img decoding=\"async\" src=\"https:\/\/prizrenpost.com\/al\/wp-content\/uploads\/2021\/12\/totaj-pashtrik-2.jpeg\" alt=\"\" width=\"100%\" height=\"\" class=\"alignleft size-full wp-image-64299\" srcset=\"https:\/\/prizrenpost.com\/al\/wp-content\/uploads\/2021\/12\/totaj-pashtrik-2.jpeg 1280w, https:\/\/prizrenpost.com\/al\/wp-content\/uploads\/2021\/12\/totaj-pashtrik-2-300x135.jpeg 300w, https:\/\/prizrenpost.com\/al\/wp-content\/uploads\/2021\/12\/totaj-pashtrik-2-1024x461.jpeg 1024w, https:\/\/prizrenpost.com\/al\/wp-content\/uploads\/2021\/12\/totaj-pashtrik-2-768x346.jpeg 768w, https:\/\/prizrenpost.com\/al\/wp-content\/uploads\/2021\/12\/totaj-pashtrik-2-800x360.jpeg 800w, https:\/\/prizrenpost.com\/al\/wp-content\/uploads\/2021\/12\/totaj-pashtrik-2-1160x522.jpeg 1160w\" sizes=\"(max-width: 1280px) 100vw, 1280px\" \/><\/p>\n<p><img decoding=\"async\" src=\"https:\/\/prizrenpost.com\/al\/wp-content\/uploads\/2021\/12\/pashtrik-shtegu-i-lirise.jpeg\" alt=\"\" width=\"100%\" height=\"\" class=\"alignleft size-full wp-image-64298\" srcset=\"https:\/\/prizrenpost.com\/al\/wp-content\/uploads\/2021\/12\/pashtrik-shtegu-i-lirise.jpeg 2048w, https:\/\/prizrenpost.com\/al\/wp-content\/uploads\/2021\/12\/pashtrik-shtegu-i-lirise-300x225.jpeg 300w, https:\/\/prizrenpost.com\/al\/wp-content\/uploads\/2021\/12\/pashtrik-shtegu-i-lirise-1024x768.jpeg 1024w, https:\/\/prizrenpost.com\/al\/wp-content\/uploads\/2021\/12\/pashtrik-shtegu-i-lirise-768x576.jpeg 768w, https:\/\/prizrenpost.com\/al\/wp-content\/uploads\/2021\/12\/pashtrik-shtegu-i-lirise-1536x1152.jpeg 1536w, https:\/\/prizrenpost.com\/al\/wp-content\/uploads\/2021\/12\/pashtrik-shtegu-i-lirise-800x600.jpeg 800w, https:\/\/prizrenpost.com\/al\/wp-content\/uploads\/2021\/12\/pashtrik-shtegu-i-lirise-1160x870.jpeg 1160w\" sizes=\"(max-width: 2048px) 100vw, 2048px\" \/><\/p>\n","protected":false},"excerpt":{"rendered":"<p>PRIZREN &#8211; Beteja e Pashtrikut ishte nje\u0308 prej betejave me\u0308 te\u0308 lavdishme te\u0308 Ushtrise\u0308 C\u0327lirimtare te\u0308 Kosove\u0308s, ajo ndodhi n\u00eb vendin e quajtur \u201cLikenet e Hasit\u201d n\u00eb Pashtrik. Sot u sh\u00ebnua p\u00ebrvjetori i 23-t\u00eb i Betej\u00ebs s\u00eb Pashtrikut nga dhjet\u00ebra veteran\u00eb e familjar\u00eb t\u00eb t\u00eb r\u00ebn\u00ebve d\u00ebshmor\u00eb t\u00eb liris\u00eb. Bashk\u00eb me ta ishin edhe kryetar\u00ebt [&hellip;]<\/p>\n","protected":false},"author":1,"featured_media":64298,"comment_status":"open","ping_status":"open","sticky":false,"template":"","format":"standard","meta":{"footnotes":""},"categories":[1],"tags":[3803,5980,5981,41,36],"class_list":["post-64296","post","type-post","status-publish","format-standard","has-post-thumbnail","hentry","category-lajme","tag-aktuale","tag-beteja-e-pashtrikut","tag-pervjetori","tag-prizren","tag-uck"],"_links":{"self":[{"href":"https:\/\/prizrenpost.com\/al\/wp-json\/wp\/v2\/posts\/64296","targetHints":{"allow":["GET"]}}],"collection":[{"href":"https:\/\/prizrenpost.com\/al\/wp-json\/wp\/v2\/posts"}],"about":[{"href":"https:\/\/prizrenpost.com\/al\/wp-json\/wp\/v2\/types\/post"}],"author":[{"embeddable":true,"href":"https:\/\/prizrenpost.com\/al\/wp-json\/wp\/v2\/users\/1"}],"replies":[{"embeddable":true,"href":"https:\/\/prizrenpost.com\/al\/wp-json\/wp\/v2\/comments?post=64296"}],"version-history":[{"count":5,"href":"https:\/\/prizrenpost.com\/al\/wp-json\/wp\/v2\/posts\/64296\/revisions"}],"predecessor-version":[{"id":64309,"href":"https:\/\/prizrenpost.com\/al\/wp-json\/wp\/v2\/posts\/64296\/revisions\/64309"}],"wp:featuredmedia":[{"embeddable":true,"href":"https:\/\/prizrenpost.com\/al\/wp-json\/wp\/v2\/media\/64298"}],"wp:attachment":[{"href":"https:\/\/prizrenpost.com\/al\/wp-json\/wp\/v2\/media?parent=64296"}],"wp:term":[{"taxonomy":"category","embeddable":true,"href":"https:\/\/prizrenpost.com\/al\/wp-json\/wp\/v2\/categories?post=64296"},{"taxonomy":"post_tag","embeddable":true,"href":"https:\/\/prizrenpost.com\/al\/wp-json\/wp\/v2\/tags?post=64296"}],"curies":[{"name":"wp","href":"https:\/\/api.w.org\/{rel}","templated":true}]}}