{"id":64385,"date":"2022-02-05T12:54:25","date_gmt":"2022-02-05T11:54:25","guid":{"rendered":"https:\/\/prizrenpost.com\/al\/?p=64385"},"modified":"2022-02-05T12:54:25","modified_gmt":"2022-02-05T11:54:25","slug":"abazoviq-propozohet-per-kryeminister-te-ri-te-malit-te-zi","status":"publish","type":"post","link":"https:\/\/prizrenpost.com\/al\/abazoviq-propozohet-per-kryeminister-te-ri-te-malit-te-zi\/","title":{"rendered":"Abazoviq propozohet p\u00ebr kryeminist\u00ebr t\u00eb ri t\u00eb Malit t\u00eb Zi"},"content":{"rendered":"<p><img decoding=\"async\" src=\"https:\/\/prizrenpost.com\/al\/wp-content\/uploads\/2022\/02\/abazoviq.jpeg\" alt=\"\" width=\"100%\" height=\"\" class=\"alignleft size-full wp-image-64386\" srcset=\"https:\/\/prizrenpost.com\/al\/wp-content\/uploads\/2022\/02\/abazoviq.jpeg 780w, https:\/\/prizrenpost.com\/al\/wp-content\/uploads\/2022\/02\/abazoviq-300x169.jpeg 300w, https:\/\/prizrenpost.com\/al\/wp-content\/uploads\/2022\/02\/abazoviq-768x432.jpeg 768w\" sizes=\"(max-width: 780px) 100vw, 780px\" \/><\/p>\n<p><strong>PODGORIC\u00cb &#8211; Deputet\u00ebt malazez kan\u00eb shkarkuar mbr\u00ebm\u00eb kryeministrin Zdravko Krivokapiq pas 14 muajve q\u00ebndrimi n\u00eb krye t\u00eb Qeveris\u00eb.<\/strong><\/p>\n<p>Pas p\u00ebrfundimit t\u00eb seanc\u00ebs parlamentare, kreu i grupit t\u00eb deputet\u00ebve \u201cE Bardha n\u00eb t\u00eb Zez\u00eb\u201d, Millosh Konatar, tha se personalisht beson se kryeminist\u00ebr i ri duhet t\u00eb jet\u00eb lideri i l\u00ebvizjes URA, Dritran Abazoviq. Ai mbr\u00ebm\u00eb n\u00eb Kuvend tha se bisedimet do t\u00eb nisin sot.<\/p>\n<p>\u201cUn\u00eb besoj se do t\u00eb kemi nj\u00eb qeveri t\u00eb re. Shum\u00eb shpejt do t\u00eb kemi nj\u00eb qeveri t\u00eb re, e cila do t\u00eb luftoj\u00eb korrupsionin. N\u00ebse m\u00eb pyetni mua personalisht, normalisht do t\u00eb d\u00ebshiroja q\u00eb kryeminist\u00ebr t\u00eb jet\u00eb Dritan Abazoviq\u201d, tha Konatar, raporton rtcg.<\/p>\n<p>Edhe disa parti t\u00eb minoriteteve kan\u00eb k\u00ebrkuar q\u00eb mandatar i radh\u00ebs t\u00eb jet\u00eb politikani shqiptar, Abazoviq, i cili deri n\u00eb momentin votimit t\u00eb mosbesimit t\u00eb Qeveris\u00eb ishte z\u00ebvend\u00ebskryeminist\u00ebr.<\/p>\n<p>Ndryshe, partia e presidentit Milo Gjukanoviq, DPS, ka njoftuar se do t\u00eb mb\u00ebshtes nj\u00eb qeveri t\u00eb pakic\u00ebs, por q\u00eb n\u00eb t\u00eb nuk do t\u00eb jen\u00eb partit\u00eb proserbe.<\/p>\n","protected":false},"excerpt":{"rendered":"<p>PODGORIC\u00cb &#8211; Deputet\u00ebt malazez kan\u00eb shkarkuar mbr\u00ebm\u00eb kryeministrin Zdravko Krivokapiq pas 14 muajve q\u00ebndrimi n\u00eb krye t\u00eb Qeveris\u00eb. Pas p\u00ebrfundimit t\u00eb seanc\u00ebs parlamentare, kreu i grupit t\u00eb deputet\u00ebve \u201cE Bardha n\u00eb t\u00eb Zez\u00eb\u201d, Millosh Konatar, tha se personalisht beson se kryeminist\u00ebr i ri duhet t\u00eb jet\u00eb lideri i l\u00ebvizjes URA, Dritran Abazoviq. Ai mbr\u00ebm\u00eb n\u00eb [&hellip;]<\/p>\n","protected":false},"author":1,"featured_media":64386,"comment_status":"open","ping_status":"open","sticky":false,"template":"","format":"standard","meta":{"footnotes":""},"categories":[1],"tags":[3803,5993,864,910,695],"class_list":["post-64385","post","type-post","status-publish","format-standard","has-post-thumbnail","hentry","category-lajme","tag-aktuale","tag-dritan-abazoviq","tag-kryeministri","tag-mali-i-zi","tag-qeveria"],"_links":{"self":[{"href":"https:\/\/prizrenpost.com\/al\/wp-json\/wp\/v2\/posts\/64385","targetHints":{"allow":["GET"]}}],"collection":[{"href":"https:\/\/prizrenpost.com\/al\/wp-json\/wp\/v2\/posts"}],"about":[{"href":"https:\/\/prizrenpost.com\/al\/wp-json\/wp\/v2\/types\/post"}],"author":[{"embeddable":true,"href":"https:\/\/prizrenpost.com\/al\/wp-json\/wp\/v2\/users\/1"}],"replies":[{"embeddable":true,"href":"https:\/\/prizrenpost.com\/al\/wp-json\/wp\/v2\/comments?post=64385"}],"version-history":[{"count":1,"href":"https:\/\/prizrenpost.com\/al\/wp-json\/wp\/v2\/posts\/64385\/revisions"}],"predecessor-version":[{"id":64387,"href":"https:\/\/prizrenpost.com\/al\/wp-json\/wp\/v2\/posts\/64385\/revisions\/64387"}],"wp:featuredmedia":[{"embeddable":true,"href":"https:\/\/prizrenpost.com\/al\/wp-json\/wp\/v2\/media\/64386"}],"wp:attachment":[{"href":"https:\/\/prizrenpost.com\/al\/wp-json\/wp\/v2\/media?parent=64385"}],"wp:term":[{"taxonomy":"category","embeddable":true,"href":"https:\/\/prizrenpost.com\/al\/wp-json\/wp\/v2\/categories?post=64385"},{"taxonomy":"post_tag","embeddable":true,"href":"https:\/\/prizrenpost.com\/al\/wp-json\/wp\/v2\/tags?post=64385"}],"curies":[{"name":"wp","href":"https:\/\/api.w.org\/{rel}","templated":true}]}}