{"id":64394,"date":"2022-02-05T13:16:08","date_gmt":"2022-02-05T12:16:08","guid":{"rendered":"https:\/\/prizrenpost.com\/al\/?p=64394"},"modified":"2022-02-05T13:16:08","modified_gmt":"2022-02-05T12:16:08","slug":"ska-koment-nga-rama-rreth-denimit-me-burg-per-ish-ministrin-tahiri","status":"publish","type":"post","link":"https:\/\/prizrenpost.com\/al\/ska-koment-nga-rama-rreth-denimit-me-burg-per-ish-ministrin-tahiri\/","title":{"rendered":"S&#8217;ka koment nga Rama rreth d\u00ebnimit me burg p\u00ebr ish-ministrin Tahiri"},"content":{"rendered":"<p><img decoding=\"async\" src=\"https:\/\/prizrenpost.com\/al\/wp-content\/uploads\/2022\/02\/tahiri-rama.jpeg\" alt=\"\" width=\"100%\" height=\"\" class=\"alignleft size-full wp-image-64395\" srcset=\"https:\/\/prizrenpost.com\/al\/wp-content\/uploads\/2022\/02\/tahiri-rama.jpeg 526w, https:\/\/prizrenpost.com\/al\/wp-content\/uploads\/2022\/02\/tahiri-rama-300x190.jpeg 300w\" sizes=\"(max-width: 526px) 100vw, 526px\" \/><\/p>\n<p><strong>TIRAN\u00cb &#8211; Kryeministri i Shqip\u00ebris\u00eb, Edi Rama nuk ka komentuar d\u00ebnimin me burg p\u00ebr ish ministrin e Pun\u00ebve t\u00eb Brendshme t\u00eb Shqip\u00ebris\u00eb, Saimir Tahiri.<\/strong><\/p>\n<p>Rama theksoi se nuk i komenton asnj\u00ebher\u00eb vendimet e gjykatave.<\/p>\n<p>\u201cUn\u00eb nuk komentoj asnj\u00ebher\u00eb vendimet e gjykatave\u201d, \u00ebsht\u00eb shprehur kryeministri.<\/p>\n<p>Ai ka th\u00ebn\u00eb m\u00eb tej se e ka ditur mir\u00eb \u00e7far\u00eb ka b\u00ebr\u00eb kur ka udh\u00ebhequr reform\u00ebn n\u00eb drejt\u00ebsi dhe po t\u00eb kthehej mbrapsht s\u00ebrish do ta b\u00ebnte t\u00eb nj\u00ebjt\u00ebn gj\u00eb.<\/p>\n<p>Ndryshe, nj\u00eb dit\u00eb m\u00eb par\u00eb Gjykata e Posa\u00e7me la n\u00eb fuqi vendimin e shkall\u00ebs par\u00eb p\u00ebr ish-ministrin, me ndryshimin q\u00eb Tahiri do t\u00eb vuaj\u00eb n\u00eb burg d\u00ebnimin me 5 vite heqje lirie, raporton euronews.al<\/p>\n<p>P\u00ebr shkak t\u00eb gjykimit t\u00eb shkurtuar, Tahiri do t\u00eb vuaj\u00eb 3 vite e 4 muaj. Ai mund t\u00eb b\u00ebj\u00eb rekurs n\u00eb Gjykat\u00ebn e Lart\u00eb, 45 dit\u00eb nga dh\u00ebnia e k\u00ebtij vendimi.<\/p>\n","protected":false},"excerpt":{"rendered":"<p>TIRAN\u00cb &#8211; Kryeministri i Shqip\u00ebris\u00eb, Edi Rama nuk ka komentuar d\u00ebnimin me burg p\u00ebr ish ministrin e Pun\u00ebve t\u00eb Brendshme t\u00eb Shqip\u00ebris\u00eb, Saimir Tahiri. Rama theksoi se nuk i komenton asnj\u00ebher\u00eb vendimet e gjykatave. \u201cUn\u00eb nuk komentoj asnj\u00ebher\u00eb vendimet e gjykatave\u201d, \u00ebsht\u00eb shprehur kryeministri. Ai ka th\u00ebn\u00eb m\u00eb tej se e ka ditur mir\u00eb \u00e7far\u00eb [&hellip;]<\/p>\n","protected":false},"author":1,"featured_media":64395,"comment_status":"open","ping_status":"open","sticky":false,"template":"","format":"standard","meta":{"footnotes":""},"categories":[1],"tags":[369,1489,52],"class_list":["post-64394","post","type-post","status-publish","format-standard","has-post-thumbnail","hentry","category-lajme","tag-edi-rama","tag-saimir-tahiri","tag-shqiperi"],"_links":{"self":[{"href":"https:\/\/prizrenpost.com\/al\/wp-json\/wp\/v2\/posts\/64394","targetHints":{"allow":["GET"]}}],"collection":[{"href":"https:\/\/prizrenpost.com\/al\/wp-json\/wp\/v2\/posts"}],"about":[{"href":"https:\/\/prizrenpost.com\/al\/wp-json\/wp\/v2\/types\/post"}],"author":[{"embeddable":true,"href":"https:\/\/prizrenpost.com\/al\/wp-json\/wp\/v2\/users\/1"}],"replies":[{"embeddable":true,"href":"https:\/\/prizrenpost.com\/al\/wp-json\/wp\/v2\/comments?post=64394"}],"version-history":[{"count":1,"href":"https:\/\/prizrenpost.com\/al\/wp-json\/wp\/v2\/posts\/64394\/revisions"}],"predecessor-version":[{"id":64396,"href":"https:\/\/prizrenpost.com\/al\/wp-json\/wp\/v2\/posts\/64394\/revisions\/64396"}],"wp:featuredmedia":[{"embeddable":true,"href":"https:\/\/prizrenpost.com\/al\/wp-json\/wp\/v2\/media\/64395"}],"wp:attachment":[{"href":"https:\/\/prizrenpost.com\/al\/wp-json\/wp\/v2\/media?parent=64394"}],"wp:term":[{"taxonomy":"category","embeddable":true,"href":"https:\/\/prizrenpost.com\/al\/wp-json\/wp\/v2\/categories?post=64394"},{"taxonomy":"post_tag","embeddable":true,"href":"https:\/\/prizrenpost.com\/al\/wp-json\/wp\/v2\/tags?post=64394"}],"curies":[{"name":"wp","href":"https:\/\/api.w.org\/{rel}","templated":true}]}}