{"id":64479,"date":"2022-04-12T20:21:21","date_gmt":"2022-04-12T18:21:21","guid":{"rendered":"https:\/\/prizrenpost.com\/al\/?p=64479"},"modified":"2022-04-12T20:30:14","modified_gmt":"2022-04-12T18:30:14","slug":"sot-u-shenua-pervjetori-i-23-te-i-deshmoreve-dhe-martireve-te-lugishtes-se-hasit","status":"publish","type":"post","link":"https:\/\/prizrenpost.com\/al\/sot-u-shenua-pervjetori-i-23-te-i-deshmoreve-dhe-martireve-te-lugishtes-se-hasit\/","title":{"rendered":"Sot u sh\u00ebnua p\u00ebrvjetori i 23-t\u00eb i D\u00ebshmor\u00ebve dhe Martir\u00ebve t\u00eb Lugisht\u00ebs s\u00eb Hasit"},"content":{"rendered":"<p><strong>LUGISHT\u00cb E HASIT &#8211; Lugishta e Hasit sot p\u00ebrkujtoi 14 d\u00ebshmor\u00ebt dhe 40 martir\u00ebt q\u00eb ran\u00eb p\u00ebr lirin\u00eb s\u00eb Kosov\u00ebs.<\/strong><\/p>\n<p>Familjar\u00ebt e d\u00ebshmor\u00ebve dhe martir\u00ebve t\u00eb k\u00ebtij fshati t\u00eb marten n\u00eb mesdit\u00eb p\u00ebrkujtuan m\u00eb t\u00eb dashurit e tyre, t\u00eb cil\u00ebt u vran\u00eb dhe u masakruan nga okupatori i eg\u00ebr serb para 23 viteve.<\/p>\n<p>N\u00eb at\u00eb koh\u00eb, Lugishta ishte sh\u00ebndrruar n\u00eb vend t\u00eb bes\u00ebs, buk\u00ebs dhe pushk\u00ebs p\u00ebr \u00e7lirimtar\u00ebt tan\u00eb t\u00eb U\u00c7K-s\u00eb. Nj\u00eb ndjesi se \u00e7far\u00eb p\u00ebrjetoi ky fshat me 12 prill 1999 e shpalosi para t\u00eb pranishm\u00ebve n\u00eb k\u00ebt\u00eb tubim p\u00ebrkujtimor, nj\u00eb nga aktivist\u00ebt e k\u00ebtij vendi, z. Kemajl Gegollaj.<\/p>\n<p><img decoding=\"async\" src=\"https:\/\/prizrenpost.com\/al\/wp-content\/uploads\/2022\/04\/DSC_4905.jpg\" alt=\"\" width=\"75%\" height=\"\" class=\"alignnone\" \/> <\/p>\n<p>I pranish\u00ebm n\u00eb k\u00ebt\u00eb aktivitet p\u00ebrkujtimor ishte edhe kryetari i Komun\u00ebs s\u00eb Prizrenit, z. Shaqir Totaj, i cili n\u00eb fjalimin e tij e vler\u00ebsoi si t\u00eb jasht\u00ebzakonshme sakrific\u00ebn e lugishtas\u00ebve n\u00eb sh\u00ebrbim t\u00eb \u00e7lirimit t\u00eb vendit, p\u00ebr t\u00eb cilin q\u00ebllim edhe u flijuan e martirizuan dhjet\u00ebra d\u00ebshmor\u00eb e martir\u00eb. <\/p>\n<p><img decoding=\"async\" src=\"https:\/\/prizrenpost.com\/al\/wp-content\/uploads\/2022\/04\/DSC_4926.jpg\" alt=\"\" width=\"100%\" height=\"\" class=\"alignnone size-full wp-image-64483\" srcset=\"https:\/\/prizrenpost.com\/al\/wp-content\/uploads\/2022\/04\/DSC_4926.jpg 1200w, https:\/\/prizrenpost.com\/al\/wp-content\/uploads\/2022\/04\/DSC_4926-300x227.jpg 300w, https:\/\/prizrenpost.com\/al\/wp-content\/uploads\/2022\/04\/DSC_4926-1024x776.jpg 1024w, https:\/\/prizrenpost.com\/al\/wp-content\/uploads\/2022\/04\/DSC_4926-768x582.jpg 768w\" sizes=\"(max-width: 1200px) 100vw, 1200px\" \/><\/p>\n<p>Nd\u00ebrsa p\u00ebrfaq\u00ebsuesi i fshatit, z. Bekim Nerjovaj, tha se ky fshat ende i p\u00ebrkujton m\u00eb t\u00eb dashurit e tyre me dhimbje dhe plot\u00eb krenari, po i kujton bijt\u00eb e saj t\u00eb shtrenjt\u00eb, gjaku i t\u00eb cil\u00ebve mbolli lirin\u00eb e Kosov\u00ebs. <\/p>\n<p><img decoding=\"async\" src=\"https:\/\/prizrenpost.com\/al\/wp-content\/uploads\/2022\/04\/DSC_4918.jpg\" alt=\"\" width=\"100%\" height=\"\" class=\"alignnone size-full wp-image-64482\" srcset=\"https:\/\/prizrenpost.com\/al\/wp-content\/uploads\/2022\/04\/DSC_4918.jpg 1200w, https:\/\/prizrenpost.com\/al\/wp-content\/uploads\/2022\/04\/DSC_4918-300x174.jpg 300w, https:\/\/prizrenpost.com\/al\/wp-content\/uploads\/2022\/04\/DSC_4918-1024x592.jpg 1024w, https:\/\/prizrenpost.com\/al\/wp-content\/uploads\/2022\/04\/DSC_4918-768x444.jpg 768w\" sizes=\"(max-width: 1200px) 100vw, 1200px\" \/><\/p>\n<p>N\u00eb em\u00ebr t\u00eb organizatave t\u00eb luft\u00ebs s\u00eb U\u00c7K-s\u00eb, kan\u00eb folur edhe z. Faton Klinaku dhe z. Xhevdet Tha\u00e7i, t\u00eb cil\u00ebt porosit\u00ebn gjeneratat e reja q\u00eb t\u00eb m\u00ebsojn\u00eb dhe kujtojn\u00eb m\u00eb shum\u00eb rreth historis\u00eb s\u00eb lavdishme q\u00eb solli lirin\u00eb e shum\u00ebpritur t\u00eb popullit ton\u00eb. <\/p>\n<p><img decoding=\"async\" src=\"https:\/\/prizrenpost.com\/al\/wp-content\/uploads\/2022\/04\/DSC_4916.jpg\" alt=\"\" width=\"100%\" height=\"\" class=\"alignnone size-full wp-image-64481\" srcset=\"https:\/\/prizrenpost.com\/al\/wp-content\/uploads\/2022\/04\/DSC_4916.jpg 1200w, https:\/\/prizrenpost.com\/al\/wp-content\/uploads\/2022\/04\/DSC_4916-300x200.jpg 300w, https:\/\/prizrenpost.com\/al\/wp-content\/uploads\/2022\/04\/DSC_4916-1024x683.jpg 1024w, https:\/\/prizrenpost.com\/al\/wp-content\/uploads\/2022\/04\/DSC_4916-768x512.jpg 768w\" sizes=\"(max-width: 1200px) 100vw, 1200px\" \/><\/p>\n<p>Pas ceremonis\u00eb, jan\u00eb b\u00ebr\u00eb homazhe dhe jan\u00eb vendosur lule n\u00eb varrezat e d\u00ebshmor\u00ebve dhe martir\u00ebve t\u00eb Lugisht\u00ebs nga pjes\u00ebmarr\u00ebsit e k\u00ebtij tubimi p\u00ebrkujtimor.<\/p>\n<p><img decoding=\"async\" src=\"https:\/\/prizrenpost.com\/al\/wp-content\/uploads\/2022\/04\/DSC_4957.jpg\" alt=\"\" width=\"100%\" height=\"\" class=\"alignnone size-full wp-image-64484\" srcset=\"https:\/\/prizrenpost.com\/al\/wp-content\/uploads\/2022\/04\/DSC_4957.jpg 1200w, https:\/\/prizrenpost.com\/al\/wp-content\/uploads\/2022\/04\/DSC_4957-300x200.jpg 300w, https:\/\/prizrenpost.com\/al\/wp-content\/uploads\/2022\/04\/DSC_4957-1024x683.jpg 1024w, https:\/\/prizrenpost.com\/al\/wp-content\/uploads\/2022\/04\/DSC_4957-768x512.jpg 768w\" sizes=\"(max-width: 1200px) 100vw, 1200px\" \/><\/p>\n","protected":false},"excerpt":{"rendered":"<p>LUGISHT\u00cb E HASIT &#8211; Lugishta e Hasit sot p\u00ebrkujtoi 14 d\u00ebshmor\u00ebt dhe 40 martir\u00ebt q\u00eb ran\u00eb p\u00ebr lirin\u00eb s\u00eb Kosov\u00ebs. Familjar\u00ebt e d\u00ebshmor\u00ebve dhe martir\u00ebve t\u00eb k\u00ebtij fshati t\u00eb marten n\u00eb mesdit\u00eb p\u00ebrkujtuan m\u00eb t\u00eb dashurit e tyre, t\u00eb cil\u00ebt u vran\u00eb dhe u masakruan nga okupatori i eg\u00ebr serb para 23 viteve. N\u00eb at\u00eb [&hellip;]<\/p>\n","protected":false},"author":1,"featured_media":64480,"comment_status":"open","ping_status":"open","sticky":false,"template":"","format":"standard","meta":{"footnotes":""},"categories":[22],"tags":[3803,1168,6009,5981,41,36],"class_list":["post-64479","post","type-post","status-publish","format-standard","has-post-thumbnail","hentry","category-prizren","tag-aktuale","tag-krimet-serbe","tag-lugishte-e-hasit","tag-pervjetori","tag-prizren","tag-uck"],"_links":{"self":[{"href":"https:\/\/prizrenpost.com\/al\/wp-json\/wp\/v2\/posts\/64479","targetHints":{"allow":["GET"]}}],"collection":[{"href":"https:\/\/prizrenpost.com\/al\/wp-json\/wp\/v2\/posts"}],"about":[{"href":"https:\/\/prizrenpost.com\/al\/wp-json\/wp\/v2\/types\/post"}],"author":[{"embeddable":true,"href":"https:\/\/prizrenpost.com\/al\/wp-json\/wp\/v2\/users\/1"}],"replies":[{"embeddable":true,"href":"https:\/\/prizrenpost.com\/al\/wp-json\/wp\/v2\/comments?post=64479"}],"version-history":[{"count":14,"href":"https:\/\/prizrenpost.com\/al\/wp-json\/wp\/v2\/posts\/64479\/revisions"}],"predecessor-version":[{"id":64498,"href":"https:\/\/prizrenpost.com\/al\/wp-json\/wp\/v2\/posts\/64479\/revisions\/64498"}],"wp:featuredmedia":[{"embeddable":true,"href":"https:\/\/prizrenpost.com\/al\/wp-json\/wp\/v2\/media\/64480"}],"wp:attachment":[{"href":"https:\/\/prizrenpost.com\/al\/wp-json\/wp\/v2\/media?parent=64479"}],"wp:term":[{"taxonomy":"category","embeddable":true,"href":"https:\/\/prizrenpost.com\/al\/wp-json\/wp\/v2\/categories?post=64479"},{"taxonomy":"post_tag","embeddable":true,"href":"https:\/\/prizrenpost.com\/al\/wp-json\/wp\/v2\/tags?post=64479"}],"curies":[{"name":"wp","href":"https:\/\/api.w.org\/{rel}","templated":true}]}}