{"id":64528,"date":"2022-07-07T14:46:31","date_gmt":"2022-07-07T12:46:31","guid":{"rendered":"https:\/\/prizrenpost.com\/al\/?p=64528"},"modified":"2022-07-07T21:44:31","modified_gmt":"2022-07-07T19:44:31","slug":"kurti-tregon-detajet-e-vendimit-per-hekurudhen-prishtine-durres","status":"publish","type":"post","link":"https:\/\/prizrenpost.com\/al\/kurti-tregon-detajet-e-vendimit-per-hekurudhen-prishtine-durres\/","title":{"rendered":"Kurti tregon detajet e vendimit p\u00ebr hekurudh\u00ebn Prishtin\u00eb-Durr\u00ebs"},"content":{"rendered":"<p><img decoding=\"async\" src=\"https:\/\/prizrenpost.com\/al\/wp-content\/uploads\/2022\/07\/hekurudha.jpeg\" alt=\"\" width=\"100%\" height=\"\" class=\"alignleft size-full wp-image-64529\" srcset=\"https:\/\/prizrenpost.com\/al\/wp-content\/uploads\/2022\/07\/hekurudha.jpeg 905w, https:\/\/prizrenpost.com\/al\/wp-content\/uploads\/2022\/07\/hekurudha-300x162.jpeg 300w, https:\/\/prizrenpost.com\/al\/wp-content\/uploads\/2022\/07\/hekurudha-768x415.jpeg 768w\" sizes=\"(max-width: 905px) 100vw, 905px\" \/><\/p>\n<p><strong>PRISHTIN\u00cb &#8211; Kryeministri i Kosov\u00ebs, Albin Kurti ka treguar detajet e dy vendimeve t\u00eb marra nga mbledhja e fundit t\u00eb Qeveris\u00eb s\u00eb Kosov\u00ebs.<\/strong><\/p>\n<p>Kurti ka treguar se p\u00ebr nj\u00ebr\u00ebn marr\u00ebveshje k\u00ebrkohet ratifikimi n\u00eb Kuvendin e Kosov\u00ebs, kurse p\u00ebr tjetr\u00ebn nevojitet autorizimi i Presidenc\u00ebs.<\/p>\n<p>\u201cN\u00eb mbledhjen e 87-t\u00eb t\u00eb Qeveris\u00eb, miratuam vendime p\u00ebr dy marr\u00ebveshje, dy projekte madhore zhvillimore. P\u00ebr nj\u00ebr\u00ebn do t\u00eb k\u00ebrkohet ratifikimi n\u00eb Kuvendin e Republik\u00ebs, p\u00ebr tjetr\u00ebn autorizimi i Presidentes p\u00ebr n\u00ebnshkrimin e t\u00eb nj\u00ebjt\u00ebs. Pas mbledhjes s\u00eb p\u00ebrbashk\u00ebt t\u00eb dy Qeverive Kosov\u00eb-Shqip\u00ebri, me hapa t\u00eb sigurt po ecim drejt realizimit t\u00eb lidhjes hekurudhore Durr\u00ebs-Prishtin\u00eb. Me ratifikim n\u00eb Kuvend, do t\u00eb p\u00ebrcaktohet procedura, do t\u00eb ndahet kostoja, ashtu q\u00eb hekurudha t\u00eb realizohet\u201d, shkruan Kurti n\u00eb Facebook.<\/p>\n","protected":false},"excerpt":{"rendered":"<p>PRISHTIN\u00cb &#8211; Kryeministri i Kosov\u00ebs, Albin Kurti ka treguar detajet e dy vendimeve t\u00eb marra nga mbledhja e fundit t\u00eb Qeveris\u00eb s\u00eb Kosov\u00ebs. Kurti ka treguar se p\u00ebr nj\u00ebr\u00ebn marr\u00ebveshje k\u00ebrkohet ratifikimi n\u00eb Kuvendin e Kosov\u00ebs, kurse p\u00ebr tjetr\u00ebn nevojitet autorizimi i Presidenc\u00ebs. \u201cN\u00eb mbledhjen e 87-t\u00eb t\u00eb Qeveris\u00eb, miratuam vendime p\u00ebr dy marr\u00ebveshje, dy [&hellip;]<\/p>\n","protected":false},"author":1,"featured_media":64529,"comment_status":"open","ping_status":"open","sticky":false,"template":"","format":"standard","meta":{"footnotes":""},"categories":[25],"tags":[877,6014,48,370],"class_list":["post-64528","post","type-post","status-publish","format-standard","has-post-thumbnail","hentry","category-ekonomi","tag-albin-kurti","tag-hekurudha","tag-kosove","tag-shqiperia"],"_links":{"self":[{"href":"https:\/\/prizrenpost.com\/al\/wp-json\/wp\/v2\/posts\/64528","targetHints":{"allow":["GET"]}}],"collection":[{"href":"https:\/\/prizrenpost.com\/al\/wp-json\/wp\/v2\/posts"}],"about":[{"href":"https:\/\/prizrenpost.com\/al\/wp-json\/wp\/v2\/types\/post"}],"author":[{"embeddable":true,"href":"https:\/\/prizrenpost.com\/al\/wp-json\/wp\/v2\/users\/1"}],"replies":[{"embeddable":true,"href":"https:\/\/prizrenpost.com\/al\/wp-json\/wp\/v2\/comments?post=64528"}],"version-history":[{"count":1,"href":"https:\/\/prizrenpost.com\/al\/wp-json\/wp\/v2\/posts\/64528\/revisions"}],"predecessor-version":[{"id":64530,"href":"https:\/\/prizrenpost.com\/al\/wp-json\/wp\/v2\/posts\/64528\/revisions\/64530"}],"wp:featuredmedia":[{"embeddable":true,"href":"https:\/\/prizrenpost.com\/al\/wp-json\/wp\/v2\/media\/64529"}],"wp:attachment":[{"href":"https:\/\/prizrenpost.com\/al\/wp-json\/wp\/v2\/media?parent=64528"}],"wp:term":[{"taxonomy":"category","embeddable":true,"href":"https:\/\/prizrenpost.com\/al\/wp-json\/wp\/v2\/categories?post=64528"},{"taxonomy":"post_tag","embeddable":true,"href":"https:\/\/prizrenpost.com\/al\/wp-json\/wp\/v2\/tags?post=64528"}],"curies":[{"name":"wp","href":"https:\/\/api.w.org\/{rel}","templated":true}]}}