{"id":64577,"date":"2022-07-18T18:38:57","date_gmt":"2022-07-18T16:38:57","guid":{"rendered":"https:\/\/prizrenpost.com\/al\/?p=64577"},"modified":"2022-07-18T18:38:57","modified_gmt":"2022-07-18T16:38:57","slug":"bislimi-serbia-po-e-saboton-procesin-e-dialogut","status":"publish","type":"post","link":"https:\/\/prizrenpost.com\/al\/bislimi-serbia-po-e-saboton-procesin-e-dialogut\/","title":{"rendered":"Bislimi: Serbia po e saboton procesin e dialogut"},"content":{"rendered":"<p><img decoding=\"async\" src=\"https:\/\/prizrenpost.com\/al\/wp-content\/uploads\/2022\/07\/bislimi.jpeg\" alt=\"\" width=\"100%\" height=\"\" class=\"alignleft size-full wp-image-64578\" srcset=\"https:\/\/prizrenpost.com\/al\/wp-content\/uploads\/2022\/07\/bislimi.jpeg 864w, https:\/\/prizrenpost.com\/al\/wp-content\/uploads\/2022\/07\/bislimi-300x169.jpeg 300w, https:\/\/prizrenpost.com\/al\/wp-content\/uploads\/2022\/07\/bislimi-768x432.jpeg 768w\" sizes=\"(max-width: 864px) 100vw, 864px\" \/><\/p>\n<p><strong>PRISHTIN\u00cb &#8211; N\u00eb Komisionin p\u00ebr Integrim Evropian ku raportoi p\u00ebr t\u00eb arriturat n\u00eb dialog, liberalizimin e vizave dhe \u00e7\u00ebshtje t\u00eb tjera, zv\/kryeministri Bislimi, tha se n\u00eb takimin e fundit q\u00eb ka pasur me p\u00ebrfaq\u00ebsuesin e Bashkimit Evropian (BE) p\u00ebr dialogun Kosov\u00eb-Serbi, Miroslav Laj\u00e7ak, \u00ebsht\u00eb planifikuar t\u00eb jet\u00eb takim trilateral, por, pala serbe nuk ka marr\u00eb pjes\u00eb.<\/strong><\/p>\n<p>Bislimi tha se takimi trilateral nuk ka ndodhur p\u00ebr arsye se Serbia ka b\u00ebr\u00eb presion p\u00ebr nd\u00ebrrim t\u00eb agjend\u00ebs \u201cq\u00eb normalisht nga pala kosovare nuk \u00ebsht\u00eb pranuar\u201d.<\/p>\n<p>\u201cKemi nj\u00eb sabotim apo minim t\u00eb procesit nga ana e Serbis\u00eb, por, megjithat\u00eb p\u00ebr t\u00eb treguar vendosm\u00ebrin\u00eb e pal\u00ebs kosovare q\u00eb t\u00eb jemi aktiv n\u00eb dialog dhe t\u00eb punojm\u00eb drejt marr\u00ebveshjes finale, un\u00eb kam shkuar n\u00eb Bruksel dhe kam pasur dy takime me Laj\u00e7ak ku kemi diskutuar edhe p\u00ebr hapat e m\u00ebtejm\u00eb\u201d, theksoi Bislimi.<\/p>\n<p>Ai tha se ideja e takimit trilateral n\u00eb Bruksel Kosov\u00eb-Serbi-BE, ka qen\u00eb q\u00eb t\u00eb p\u00ebrgatitet terreni p\u00ebr nj\u00eb takim midis kryeministrit kosovar Albin Kurti dhe presidentit serb Aleksand\u00ebr Vu\u00e7iq, me nd\u00ebrmjet\u00ebsimin e p\u00ebrfaq\u00ebsuesit Laj\u00e7ak, por nj\u00eb gj\u00eb e till\u00eb nuk u arrit t\u00eb konkretizohej, sipas Bislimit, p\u00ebr shkak t\u00eb Serbis\u00eb.<\/p>\n<p>\u201cIdeja e takimit trilateral ka qen\u00eb q\u00eb t\u00eb p\u00ebrgatitet terreni p\u00ebr takim t\u00eb radh\u00ebs, mbase p\u00ebr k\u00ebt\u00eb jav\u00eb, p\u00ebr nes\u00ebr, mes dy krer\u00ebve t\u00eb shtetit, por, po ashtu kjo ka d\u00ebshtuar p\u00ebr shkak t\u00eb mosgatish\u00ebmris\u00eb s\u00eb Vu\u00e7iqit q\u00eb t\u00eb shkoj\u00eb n\u00eb Bruksel. Kurti \u00ebsht\u00eb deklaruar i gatsh\u00ebm q\u00eb sa m\u00eb shpejt\u00eb t\u00eb filloj\u00eb diskutimi p\u00ebr marr\u00ebveshjen gjith\u00ebp\u00ebrfshir\u00ebse, mir\u00ebpo Vu\u00e7iq ka dh\u00ebn\u00eb si arsyetim vizit\u00ebn e Presidentit t\u00eb Egjiptit i cili pritet t\u00eb q\u00ebndroj\u00eb tri dit\u00eb n\u00eb Serbi\u201d, theksoi Bislimi.<\/p>\n<p>Z\u00ebvend\u00ebskryeministri i par\u00eb p\u00ebr integrim evropian, zhvillim dhe dialog i Republik\u00ebs s\u00eb Kosov\u00ebs, Besnik Bislimi, \u00ebsht\u00eb pritur me 14 korrik n\u00eb Bruksel nga P\u00ebrfaq\u00ebsuesi special i Bashkimit Evropian p\u00ebr dialogun Kosov\u00eb-Serbi, Miroslav Laj\u00e7ak.<\/p>\n<p>Takimi ka sh\u00ebrbyer p\u00ebr t\u00eb diskutuar hapat e ardhsh\u00ebm n\u00eb procesin e dialogut me Serbin\u00eb. Laj\u00e7ak dhe Bislmi kan\u00eb postuar n\u00eb rrjete sociale p\u00ebr k\u00ebt\u00eb takim, duke e konsideruar at\u00eb si \u201cnj\u00eb diskutim i gjat\u00eb\u201d.<\/p>\n<p>Z\u00ebvend\u00ebskryeministri Bislimi u shpreh se Kosova do t\u00eb vazhdoj\u00eb t\u00eb marr\u00eb pjes\u00eb n\u00eb m\u00ebnyr\u00eb konstruktive dhe aktive n\u00eb procesin e dialogut.<\/p>\n","protected":false},"excerpt":{"rendered":"<p>PRISHTIN\u00cb &#8211; N\u00eb Komisionin p\u00ebr Integrim Evropian ku raportoi p\u00ebr t\u00eb arriturat n\u00eb dialog, liberalizimin e vizave dhe \u00e7\u00ebshtje t\u00eb tjera, zv\/kryeministri Bislimi, tha se n\u00eb takimin e fundit q\u00eb ka pasur me p\u00ebrfaq\u00ebsuesin e Bashkimit Evropian (BE) p\u00ebr dialogun Kosov\u00eb-Serbi, Miroslav Laj\u00e7ak, \u00ebsht\u00eb planifikuar t\u00eb jet\u00eb takim trilateral, por, pala serbe nuk ka marr\u00eb [&hellip;]<\/p>\n","protected":false},"author":1,"featured_media":64578,"comment_status":"open","ping_status":"open","sticky":false,"template":"","format":"standard","meta":{"footnotes":""},"categories":[14],"tags":[3803,5093,1686,287,799],"class_list":["post-64577","post","type-post","status-publish","format-standard","has-post-thumbnail","hentry","category-kombetare","tag-aktuale","tag-besnik-bislimi","tag-dialogu","tag-kosova","tag-serbia"],"_links":{"self":[{"href":"https:\/\/prizrenpost.com\/al\/wp-json\/wp\/v2\/posts\/64577","targetHints":{"allow":["GET"]}}],"collection":[{"href":"https:\/\/prizrenpost.com\/al\/wp-json\/wp\/v2\/posts"}],"about":[{"href":"https:\/\/prizrenpost.com\/al\/wp-json\/wp\/v2\/types\/post"}],"author":[{"embeddable":true,"href":"https:\/\/prizrenpost.com\/al\/wp-json\/wp\/v2\/users\/1"}],"replies":[{"embeddable":true,"href":"https:\/\/prizrenpost.com\/al\/wp-json\/wp\/v2\/comments?post=64577"}],"version-history":[{"count":1,"href":"https:\/\/prizrenpost.com\/al\/wp-json\/wp\/v2\/posts\/64577\/revisions"}],"predecessor-version":[{"id":64579,"href":"https:\/\/prizrenpost.com\/al\/wp-json\/wp\/v2\/posts\/64577\/revisions\/64579"}],"wp:featuredmedia":[{"embeddable":true,"href":"https:\/\/prizrenpost.com\/al\/wp-json\/wp\/v2\/media\/64578"}],"wp:attachment":[{"href":"https:\/\/prizrenpost.com\/al\/wp-json\/wp\/v2\/media?parent=64577"}],"wp:term":[{"taxonomy":"category","embeddable":true,"href":"https:\/\/prizrenpost.com\/al\/wp-json\/wp\/v2\/categories?post=64577"},{"taxonomy":"post_tag","embeddable":true,"href":"https:\/\/prizrenpost.com\/al\/wp-json\/wp\/v2\/tags?post=64577"}],"curies":[{"name":"wp","href":"https:\/\/api.w.org\/{rel}","templated":true}]}}