{"id":64632,"date":"2022-07-27T09:23:23","date_gmt":"2022-07-27T07:23:23","guid":{"rendered":"https:\/\/prizrenpost.com\/al\/?p=64632"},"modified":"2022-07-27T09:23:23","modified_gmt":"2022-07-27T07:23:23","slug":"ne-kosove-aktualisht-jane-9-mije-e-820-raste-jane-aktive-me-covid-19","status":"publish","type":"post","link":"https:\/\/prizrenpost.com\/al\/ne-kosove-aktualisht-jane-9-mije-e-820-raste-jane-aktive-me-covid-19\/","title":{"rendered":"N\u00eb Kosov\u00eb aktualisht jan\u00eb 9 mij\u00eb e 820 raste jan\u00eb aktive me COVID-19."},"content":{"rendered":"<p><img decoding=\"async\" src=\"https:\/\/prizrenpost.com\/al\/wp-content\/uploads\/2020\/12\/covid19_0.png\" alt=\"\" width=\"100%\" height=\"\" class=\"alignleft size-full wp-image-61484\" srcset=\"https:\/\/prizrenpost.com\/al\/wp-content\/uploads\/2020\/12\/covid19_0.png 470w, https:\/\/prizrenpost.com\/al\/wp-content\/uploads\/2020\/12\/covid19_0-300x140.png 300w\" sizes=\"(max-width: 470px) 100vw, 470px\" \/><\/p>\n<p><strong>PRISHTIN\u00cb &#8211; Sipas njoftimit t\u00eb Mministris\u00eb s\u00eb Sh\u00ebndet\u00ebsis\u00eb, n\u00eb 24 or\u00ebt e fundit u regjistruan 1 mij\u00eb e 187 raste t\u00eb reja, pa t\u00eb vdekur.<\/strong><\/p>\n<p>Po ashtu jan\u00eb sh\u00ebruar edhe 613 qytetar\u00eb.<\/p>\n<p>Nd\u00ebrkoh\u00eb, mbi 900 mij\u00eb banor\u00eb kan\u00eb marr\u00eb doz\u00ebn e par\u00eb, mbi 800 mij\u00eb t\u00eb dyja dozat, nd\u00ebrsa edhe t\u00eb tret\u00ebn mbi 100 mij\u00eb.<\/p>\n<p>Prej raportimit t\u00eb rasteve t\u00eb para me koronavirus, n\u00eb mars t\u00eb vitit 2020, autoritetet sh\u00ebndet\u00ebsore n\u00eb Kosov\u00eb kan\u00eb regjistruar 3,164 vdekje.<\/p>\n<p>P\u00ebr coronavirusin e ri, q\u00eb shkakton s\u00ebmundjen COVID-19, \u00ebsht\u00eb raportuar p\u00ebr her\u00eb t\u00eb par\u00eb n\u00eb dhjetor t\u00eb vitit 2019 n\u00eb Vuhan t\u00eb Kin\u00ebs.<\/p>\n<p>Organizata Bot\u00ebrore e Sh\u00ebndet\u00ebsis\u00eb e pati shpallur koronavirusin si pandemi m\u00eb 11 mars t\u00eb vitit 2020.<\/p>\n","protected":false},"excerpt":{"rendered":"<p>PRISHTIN\u00cb &#8211; Sipas njoftimit t\u00eb Mministris\u00eb s\u00eb Sh\u00ebndet\u00ebsis\u00eb, n\u00eb 24 or\u00ebt e fundit u regjistruan 1 mij\u00eb e 187 raste t\u00eb reja, pa t\u00eb vdekur. Po ashtu jan\u00eb sh\u00ebruar edhe 613 qytetar\u00eb. Nd\u00ebrkoh\u00eb, mbi 900 mij\u00eb banor\u00eb kan\u00eb marr\u00eb doz\u00ebn e par\u00eb, mbi 800 mij\u00eb t\u00eb dyja dozat, nd\u00ebrsa edhe t\u00eb tret\u00ebn mbi 100 mij\u00eb. [&hellip;]<\/p>\n","protected":false},"author":1,"featured_media":61484,"comment_status":"open","ping_status":"open","sticky":false,"template":"","format":"standard","meta":{"footnotes":""},"categories":[5],"tags":[5558,5583,287,1208],"class_list":["post-64632","post","type-post","status-publish","format-standard","has-post-thumbnail","hentry","category-shendetesi","tag-coronavirus","tag-covid19","tag-kosova","tag-ministria-e-shendetesise"],"_links":{"self":[{"href":"https:\/\/prizrenpost.com\/al\/wp-json\/wp\/v2\/posts\/64632","targetHints":{"allow":["GET"]}}],"collection":[{"href":"https:\/\/prizrenpost.com\/al\/wp-json\/wp\/v2\/posts"}],"about":[{"href":"https:\/\/prizrenpost.com\/al\/wp-json\/wp\/v2\/types\/post"}],"author":[{"embeddable":true,"href":"https:\/\/prizrenpost.com\/al\/wp-json\/wp\/v2\/users\/1"}],"replies":[{"embeddable":true,"href":"https:\/\/prizrenpost.com\/al\/wp-json\/wp\/v2\/comments?post=64632"}],"version-history":[{"count":1,"href":"https:\/\/prizrenpost.com\/al\/wp-json\/wp\/v2\/posts\/64632\/revisions"}],"predecessor-version":[{"id":64633,"href":"https:\/\/prizrenpost.com\/al\/wp-json\/wp\/v2\/posts\/64632\/revisions\/64633"}],"wp:featuredmedia":[{"embeddable":true,"href":"https:\/\/prizrenpost.com\/al\/wp-json\/wp\/v2\/media\/61484"}],"wp:attachment":[{"href":"https:\/\/prizrenpost.com\/al\/wp-json\/wp\/v2\/media?parent=64632"}],"wp:term":[{"taxonomy":"category","embeddable":true,"href":"https:\/\/prizrenpost.com\/al\/wp-json\/wp\/v2\/categories?post=64632"},{"taxonomy":"post_tag","embeddable":true,"href":"https:\/\/prizrenpost.com\/al\/wp-json\/wp\/v2\/tags?post=64632"}],"curies":[{"name":"wp","href":"https:\/\/api.w.org\/{rel}","templated":true}]}}