{"id":64718,"date":"2022-07-29T14:38:59","date_gmt":"2022-07-29T12:38:59","guid":{"rendered":"https:\/\/prizrenpost.com\/al\/?p=64718"},"modified":"2022-07-29T14:38:59","modified_gmt":"2022-07-29T12:38:59","slug":"inflacioni-vendos-rekord-te-ri-ne-eurozone","status":"publish","type":"post","link":"https:\/\/prizrenpost.com\/al\/inflacioni-vendos-rekord-te-ri-ne-eurozone\/","title":{"rendered":"Inflacioni vendos rekord t\u00eb ri n\u00eb Eurozon\u00eb"},"content":{"rendered":"<p><img decoding=\"async\" src=\"https:\/\/prizrenpost.com\/al\/wp-content\/uploads\/2022\/07\/eurozone.webp\" alt=\"\" width=\"100%\" height=\"\" class=\"alignleft size-full wp-image-64719\" srcset=\"https:\/\/prizrenpost.com\/al\/wp-content\/uploads\/2022\/07\/eurozone.webp 1019w, https:\/\/prizrenpost.com\/al\/wp-content\/uploads\/2022\/07\/eurozone-300x168.webp 300w, https:\/\/prizrenpost.com\/al\/wp-content\/uploads\/2022\/07\/eurozone-768x430.webp 768w\" sizes=\"(max-width: 1019px) 100vw, 1019px\" \/><\/p>\n<p><strong>FRANKFURT &#8211; Shkalla e inflacionit n\u00eb Eurozon\u00eb ka arritur n\u00eb 8.9 p\u00ebr qind n\u00eb muajin korrik.<\/strong><\/p>\n<p>Kjo shif\u00ebr p\u00ebrb\u00ebn rekord t\u00eb ri, teksa lufta e paprovokuar e Rusis\u00eb n\u00eb Ukrain\u00eb vazhdon t\u00eb ndikoj\u00eb n\u00eb rritje t\u00eb \u00e7mimeve t\u00eb ushqimit dhe energjis\u00eb.<\/p>\n<p>Presidenti rus, Vladimir Putin, ka urdh\u00ebruar pushtimin e Ukrain\u00ebs m\u00eb 24 shkurt. Ai e quan luft\u00ebn si \u201coperacion special ushtarak\u201d p\u00ebr t\u00eb \u00e7militarizuar Ukrain\u00ebn.<\/p>\n<p>Agjencia e Bashkimit Evropian p\u00ebr Statistika \u2013 Eurostat \u2013 ka th\u00ebn\u00eb m\u00eb 29 korrik se shkalla vjetore e inflacionit n\u00eb 19 shtetet an\u00ebtare q\u00eb p\u00ebrdorin euron, \u00ebsht\u00eb rritur n\u00eb 8.9 p\u00ebr qind p\u00ebr dallim nga 8.6 p\u00ebr qind sa ka qen\u00eb n\u00eb muajin e kaluar.<\/p>\n<p>N\u00eb zem\u00ebr t\u00eb rritjes s\u00eb \u00e7mimeve kan\u00eb qen\u00eb ato t\u00eb energjis\u00eb, t\u00eb cilat jan\u00eb rritur p\u00ebr 39.7 p\u00ebr qind k\u00ebt\u00eb vit. \u00c7mimet e ushqimit, nd\u00ebrkaq, jan\u00eb rritur p\u00ebr 9.8 p\u00ebr qind n\u00eb baz\u00eb vjetore. Presioni p\u00ebr inflacion global ve\u00e7se ka qen\u00eb i lart\u00eb p\u00ebr shkak t\u00eb pandemis\u00eb s\u00eb koronavirusit.<\/p>\n<p>Mir\u00ebpo pas shp\u00ebrthimit t\u00eb luft\u00ebs n\u00eb Ukrain\u00eb \u2013 q\u00eb tani \u00ebsht\u00eb n\u00eb muajin e gjasht\u00eb \u2013 rritje ekonomike globale \u00ebsht\u00eb v\u00ebn\u00eb n\u00eb rrezik, pa harruar edhe kriz\u00ebn p\u00ebr furnizime. T\u00eb dyja k\u00ebto zhvillime kan\u00eb ndikuar n\u00eb rritje t\u00eb inflacionit n\u00eb gjith\u00eb bot\u00ebn. \/rel<\/p>\n","protected":false},"excerpt":{"rendered":"<p>FRANKFURT &#8211; Shkalla e inflacionit n\u00eb Eurozon\u00eb ka arritur n\u00eb 8.9 p\u00ebr qind n\u00eb muajin korrik. Kjo shif\u00ebr p\u00ebrb\u00ebn rekord t\u00eb ri, teksa lufta e paprovokuar e Rusis\u00eb n\u00eb Ukrain\u00eb vazhdon t\u00eb ndikoj\u00eb n\u00eb rritje t\u00eb \u00e7mimeve t\u00eb ushqimit dhe energjis\u00eb. Presidenti rus, Vladimir Putin, ka urdh\u00ebruar pushtimin e Ukrain\u00ebs m\u00eb 24 shkurt. Ai e [&hellip;]<\/p>\n","protected":false},"author":1,"featured_media":64719,"comment_status":"open","ping_status":"open","sticky":false,"template":"","format":"standard","meta":{"footnotes":""},"categories":[25],"tags":[146,6049,1130],"class_list":["post-64718","post","type-post","status-publish","format-standard","has-post-thumbnail","hentry","category-ekonomi","tag-ekonomi","tag-eurocona","tag-europe"],"_links":{"self":[{"href":"https:\/\/prizrenpost.com\/al\/wp-json\/wp\/v2\/posts\/64718","targetHints":{"allow":["GET"]}}],"collection":[{"href":"https:\/\/prizrenpost.com\/al\/wp-json\/wp\/v2\/posts"}],"about":[{"href":"https:\/\/prizrenpost.com\/al\/wp-json\/wp\/v2\/types\/post"}],"author":[{"embeddable":true,"href":"https:\/\/prizrenpost.com\/al\/wp-json\/wp\/v2\/users\/1"}],"replies":[{"embeddable":true,"href":"https:\/\/prizrenpost.com\/al\/wp-json\/wp\/v2\/comments?post=64718"}],"version-history":[{"count":1,"href":"https:\/\/prizrenpost.com\/al\/wp-json\/wp\/v2\/posts\/64718\/revisions"}],"predecessor-version":[{"id":64720,"href":"https:\/\/prizrenpost.com\/al\/wp-json\/wp\/v2\/posts\/64718\/revisions\/64720"}],"wp:featuredmedia":[{"embeddable":true,"href":"https:\/\/prizrenpost.com\/al\/wp-json\/wp\/v2\/media\/64719"}],"wp:attachment":[{"href":"https:\/\/prizrenpost.com\/al\/wp-json\/wp\/v2\/media?parent=64718"}],"wp:term":[{"taxonomy":"category","embeddable":true,"href":"https:\/\/prizrenpost.com\/al\/wp-json\/wp\/v2\/categories?post=64718"},{"taxonomy":"post_tag","embeddable":true,"href":"https:\/\/prizrenpost.com\/al\/wp-json\/wp\/v2\/tags?post=64718"}],"curies":[{"name":"wp","href":"https:\/\/api.w.org\/{rel}","templated":true}]}}