{"id":64762,"date":"2022-08-02T15:15:10","date_gmt":"2022-08-02T13:15:10","guid":{"rendered":"https:\/\/prizrenpost.com\/al\/?p=64762"},"modified":"2022-08-02T15:15:10","modified_gmt":"2022-08-02T13:15:10","slug":"nje-person-ne-prizren-perdhosi-varrin-e-nje-gruaje-per-ta-varrosur-nje-tjeter","status":"publish","type":"post","link":"https:\/\/prizrenpost.com\/al\/nje-person-ne-prizren-perdhosi-varrin-e-nje-gruaje-per-ta-varrosur-nje-tjeter\/","title":{"rendered":"Nj\u00eb person n\u00eb Prizren p\u00ebrdhosi varrin e nj\u00eb gruaje p\u00ebr ta varrosur nj\u00eb tjet\u00ebr"},"content":{"rendered":"<p><img decoding=\"async\" src=\"https:\/\/prizrenpost.com\/al\/wp-content\/uploads\/2022\/08\/E907E848-C75F-4EE6-8841-FF4085303F56.png\" alt=\"\" width=\"100%\" height=\"\" class=\"alignleft size-full wp-image-64763\" srcset=\"https:\/\/prizrenpost.com\/al\/wp-content\/uploads\/2022\/08\/E907E848-C75F-4EE6-8841-FF4085303F56.png 780w, https:\/\/prizrenpost.com\/al\/wp-content\/uploads\/2022\/08\/E907E848-C75F-4EE6-8841-FF4085303F56-300x169.png 300w, https:\/\/prizrenpost.com\/al\/wp-content\/uploads\/2022\/08\/E907E848-C75F-4EE6-8841-FF4085303F56-768x432.png 768w\" sizes=\"(max-width: 780px) 100vw, 780px\" \/><\/p>\n<p><strong>PRIZREN &#8211; Prokuroria Themelore n\u00eb Prizren njofton se ka ngritur aktakuz\u00eb kund\u00ebr t\u00eb pandehurit B.K., pasi i nj\u00ebjti dyshohet p\u00ebr vepr\u00ebn penale \u201cMarrja e ryshfetit\u201d dhe \u201cD\u00ebmtimi i varreve apo kufomave\u201d.<\/strong><\/p>\n<p>Sipas aktakuz\u00ebs, i nj\u00ebjti ka p\u00ebrdhosur varrin e nj\u00eb gruaje q\u00eb kishte vdekur n\u00eb vitin 2001 dhe n\u00eb at\u00eb hap\u00ebsir\u00eb t\u00eb varrit e kishte varrosur nj\u00eb kufom\u00eb tjet\u00ebr.<\/p>\n<p>\u201cMe dat\u00eb 28.12.2021 tek varrezat e qytetit n\u00eb Prizren, i akuzuari B.K., n\u00eb cil\u00ebsin\u00eb e personit zyrtar si n\u00ebpun\u00ebs i kompanis\u00eb regjionale p\u00ebr mbeturina \u201cEko Regjioni Sh.A\u201d me seli n\u00eb Pizren, me dashje dhe n\u00eb m\u00ebnyr\u00eb t\u00eb drejtp\u00ebrdrejt\u00eb k\u00ebrkon p\u00ebrfitim material p\u00ebr vete n\u00eb m\u00ebnyr\u00eb q\u00eb t\u00eb veproj\u00eb n\u00eb pajtim me detyr\u00ebn e tij zyrtare, ashtu q\u00eb t\u00eb d\u00ebmtuarit N.B., nga Prizreni i k\u00ebrkon shum\u00ebn e parave prej 150 \u20ac (nj\u00ebqind e pes\u00ebdhjet\u00eb euro) me kusht q\u00eb t\u2019ia siguroj\u00eb hap\u00ebsir\u00ebn p\u00ebr varrimin e bashk\u00ebshortes s\u00eb tij t\u00eb ndjer\u00eb, me \u00e7\u2019rast i d\u00ebmtuari pranon k\u00ebrkes\u00ebn e tij dhe i akuzuari merr shum\u00ebn prej 150 \u20ac\u201d.<\/p>\n<p>\u201cPo ashtu, i nj\u00ebjti pa autorizim g\u00ebrmon, mih, rr\u00ebnon, heq, d\u00ebmton, shkat\u00ebrron ose p\u00ebrdhos varrin e s\u00eb ndjer\u00ebs Sh.T., e cila ka nd\u00ebrruar jet\u00eb n\u00eb vitin 2001, n\u00eb at\u00eb m\u00ebnyr\u00eb q\u00eb n\u00eb hap\u00ebsir\u00ebn e varrit t\u00eb s\u00eb ndjer\u00ebs n\u00eb fjal\u00eb, varros kufom\u00ebn e s\u00eb ndjer\u00ebs tjet\u00ebr H.B\u201d, thuhet n\u00eb njoftimin p\u00ebr media t\u00eb prokuroris\u00eb.<\/p>\n","protected":false},"excerpt":{"rendered":"<p>PRIZREN &#8211; Prokuroria Themelore n\u00eb Prizren njofton se ka ngritur aktakuz\u00eb kund\u00ebr t\u00eb pandehurit B.K., pasi i nj\u00ebjti dyshohet p\u00ebr vepr\u00ebn penale \u201cMarrja e ryshfetit\u201d dhe \u201cD\u00ebmtimi i varreve apo kufomave\u201d. Sipas aktakuz\u00ebs, i nj\u00ebjti ka p\u00ebrdhosur varrin e nj\u00eb gruaje q\u00eb kishte vdekur n\u00eb vitin 2001 dhe n\u00eb at\u00eb hap\u00ebsir\u00eb t\u00eb varrit e kishte [&hellip;]<\/p>\n","protected":false},"author":1,"featured_media":64763,"comment_status":"open","ping_status":"open","sticky":false,"template":"","format":"standard","meta":{"footnotes":""},"categories":[22],"tags":[41,5004],"class_list":["post-64762","post","type-post","status-publish","format-standard","has-post-thumbnail","hentry","category-prizren","tag-prizren","tag-prokuroria-themelore"],"_links":{"self":[{"href":"https:\/\/prizrenpost.com\/al\/wp-json\/wp\/v2\/posts\/64762","targetHints":{"allow":["GET"]}}],"collection":[{"href":"https:\/\/prizrenpost.com\/al\/wp-json\/wp\/v2\/posts"}],"about":[{"href":"https:\/\/prizrenpost.com\/al\/wp-json\/wp\/v2\/types\/post"}],"author":[{"embeddable":true,"href":"https:\/\/prizrenpost.com\/al\/wp-json\/wp\/v2\/users\/1"}],"replies":[{"embeddable":true,"href":"https:\/\/prizrenpost.com\/al\/wp-json\/wp\/v2\/comments?post=64762"}],"version-history":[{"count":1,"href":"https:\/\/prizrenpost.com\/al\/wp-json\/wp\/v2\/posts\/64762\/revisions"}],"predecessor-version":[{"id":64764,"href":"https:\/\/prizrenpost.com\/al\/wp-json\/wp\/v2\/posts\/64762\/revisions\/64764"}],"wp:featuredmedia":[{"embeddable":true,"href":"https:\/\/prizrenpost.com\/al\/wp-json\/wp\/v2\/media\/64763"}],"wp:attachment":[{"href":"https:\/\/prizrenpost.com\/al\/wp-json\/wp\/v2\/media?parent=64762"}],"wp:term":[{"taxonomy":"category","embeddable":true,"href":"https:\/\/prizrenpost.com\/al\/wp-json\/wp\/v2\/categories?post=64762"},{"taxonomy":"post_tag","embeddable":true,"href":"https:\/\/prizrenpost.com\/al\/wp-json\/wp\/v2\/tags?post=64762"}],"curies":[{"name":"wp","href":"https:\/\/api.w.org\/{rel}","templated":true}]}}