{"id":64769,"date":"2022-08-03T09:30:27","date_gmt":"2022-08-03T07:30:27","guid":{"rendered":"https:\/\/prizrenpost.com\/al\/?p=64769"},"modified":"2022-08-03T09:30:27","modified_gmt":"2022-08-03T07:30:27","slug":"do-te-shkoj-ne-bruksel-per-dialog","status":"publish","type":"post","link":"https:\/\/prizrenpost.com\/al\/do-te-shkoj-ne-bruksel-per-dialog\/","title":{"rendered":"Do t\u00eb shkoj n\u00eb Bruksel p\u00ebr dialog"},"content":{"rendered":"<p><img decoding=\"async\" src=\"https:\/\/prizrenpost.com\/al\/wp-content\/uploads\/2022\/08\/vucic.webp\" alt=\"\" width=\"100%\" height=\"\" class=\"alignleft size-full wp-image-64770\" srcset=\"https:\/\/prizrenpost.com\/al\/wp-content\/uploads\/2022\/08\/vucic.webp 1023w, https:\/\/prizrenpost.com\/al\/wp-content\/uploads\/2022\/08\/vucic-300x169.webp 300w, https:\/\/prizrenpost.com\/al\/wp-content\/uploads\/2022\/08\/vucic-768x432.webp 768w\" sizes=\"(max-width: 1023px) 100vw, 1023px\" \/><\/p>\n<p><strong>BEOGRAD &#8211; Presidenti i Serbis\u00eb, Aleksandar Vu\u00e7iq, tha m\u00eb 2 gusht se do t\u2019i p\u00ebrgjigjet pozitivisht ftes\u00ebs s\u00eb Brukselit q\u00eb m\u00eb 18 gusht t\u00eb mbahet rundi i ri i dialogut me Kosov\u00ebn, por tha se ai nuk e di \u201cse p\u00ebr \u00e7far\u00eb tjet\u00ebr mund t\u00eb flasim\u201d.<\/strong><\/p>\n<p>\u201cGjith\u00e7ka \u00ebsht\u00eb konsumuar dhe ju m\u00eb nuk e dini se \u00e7far\u00eb mund t\u00eb b\u00ebni. Un\u00eb do t\u00eb shkoj, por nuk pres asgj\u00eb. Kushdo q\u00eb mendon se me [kryeministrin e Kosov\u00ebs, Albin] Kurti ka gjasa t\u00eb ruhet paqja, e ka shum\u00eb gabim\u201d, tha Vu\u00e7iq p\u00ebr Radio Televizionin e Serbis\u00eb.<\/p>\n<p>M\u00eb 1 gusht, presidenti serb Vu\u00e7iq dhe kryeministri i Kosov\u00ebs, Albin Kurti, pranuan ftes\u00eb nga shefi i diplomacis\u00eb s\u00eb Bashkimit Evropian, Josep Borrell, p\u00ebr t\u00eb vazhduar dialogun p\u00ebr t\u00eb gjitha \u00e7\u00ebshtjet e hapura.<\/p>\n<p>Kryeministri i Kosov\u00ebs, Albin Kurti, deklaroi m\u00eb 1 gusht se nuk ka pranuar ftes\u00eb p\u00ebr takimin n\u00eb Bruksel, por shtoi se \u00ebsht\u00eb i gatsh\u00ebm p\u00ebr dialog me Serbin\u00eb.<\/p>\n<p>Ai tha se nj\u00eb takim me Vu\u00e7iqin ishte parapar\u00eb p\u00ebr 19 korrik, por presidenti serb kishte k\u00ebrkuar q\u00eb t\u00eb shtyhet takimi.<\/p>\n<p>&#8220;Un\u00eb kam shprehur gatishm\u00ebrin\u00eb time q\u00eb kur t\u00eb na th\u00ebrret p\u00ebrfaq\u00ebsuesi i lart\u00eb i BE-s\u00eb, Josep Borrell, do t\u00eb shkoj n\u00eb Bruksel. Nj\u00eb ftes\u00eb t\u00eb till\u00eb deri n\u00eb k\u00ebto momente nuk e kemi. N\u00eb momentin q\u00eb do ta kemi, sigurisht q\u00eb do ta b\u00ebjm\u00eb publike dhe do t\u00eb shprehim q\u00ebndrimin ton\u00eb. Ne jemi p\u00ebr dialog t\u00eb p\u00ebrgatitur mir\u00eb, parimor, t\u00eb balancuar drejt nj\u00eb marr\u00ebveshje ligj\u00ebrisht t\u00eb obligueshme q\u00eb b\u00ebn normalizimin e plot\u00eb t\u00eb marr\u00ebdh\u00ebnieve nd\u00ebrmjet Kosov\u00ebs dhe Serbis\u00eb, t\u00eb p\u00ebrqendruar n\u00eb njohjen reciproke. Gatishm\u00ebria nga ana jon\u00eb ekziston&#8221;, tha Kurti gjat\u00eb nj\u00eb konference p\u00ebr media n\u00eb Prishtin\u00eb.<\/p>\n<p>Ftesa p\u00ebr dialog erdhi n\u00eb koh\u00ebn e rritjes s\u00eb tensioneve n\u00eb Kosov\u00eb, pasi serb\u00ebt lokal\u00eb vendos\u00ebn barrikada n\u00eb veri t\u00eb vendit, duke bllokuar rrug\u00ebt q\u00eb \u00e7onin n\u00eb pikat kufitare me Serbin\u00eb, n\u00eb Jarinj\u00eb dhe B\u00ebrnjak.<\/p>\n<p>Nj\u00eb takim midis krer\u00ebve t\u00eb Kosov\u00ebs dhe Serbis\u00eb, n\u00eb kuad\u00ebr t\u00eb dialogut t\u00eb nd\u00ebrmjet\u00ebsuar nga BE-ja. Fotografi nga arkivi. <\/p>\n","protected":false},"excerpt":{"rendered":"<p>BEOGRAD &#8211; Presidenti i Serbis\u00eb, Aleksandar Vu\u00e7iq, tha m\u00eb 2 gusht se do t\u2019i p\u00ebrgjigjet pozitivisht ftes\u00ebs s\u00eb Brukselit q\u00eb m\u00eb 18 gusht t\u00eb mbahet rundi i ri i dialogut me Kosov\u00ebn, por tha se ai nuk e di \u201cse p\u00ebr \u00e7far\u00eb tjet\u00ebr mund t\u00eb flasim\u201d. \u201cGjith\u00e7ka \u00ebsht\u00eb konsumuar dhe ju m\u00eb nuk e dini [&hellip;]<\/p>\n","protected":false},"author":1,"featured_media":64770,"comment_status":"open","ping_status":"open","sticky":false,"template":"","format":"standard","meta":{"footnotes":""},"categories":[15],"tags":[3803,1159,1686,287,799],"class_list":["post-64769","post","type-post","status-publish","format-standard","has-post-thumbnail","hentry","category-ballkan","tag-aktuale","tag-aleksandar-vucic","tag-dialogu","tag-kosova","tag-serbia"],"_links":{"self":[{"href":"https:\/\/prizrenpost.com\/al\/wp-json\/wp\/v2\/posts\/64769","targetHints":{"allow":["GET"]}}],"collection":[{"href":"https:\/\/prizrenpost.com\/al\/wp-json\/wp\/v2\/posts"}],"about":[{"href":"https:\/\/prizrenpost.com\/al\/wp-json\/wp\/v2\/types\/post"}],"author":[{"embeddable":true,"href":"https:\/\/prizrenpost.com\/al\/wp-json\/wp\/v2\/users\/1"}],"replies":[{"embeddable":true,"href":"https:\/\/prizrenpost.com\/al\/wp-json\/wp\/v2\/comments?post=64769"}],"version-history":[{"count":1,"href":"https:\/\/prizrenpost.com\/al\/wp-json\/wp\/v2\/posts\/64769\/revisions"}],"predecessor-version":[{"id":64771,"href":"https:\/\/prizrenpost.com\/al\/wp-json\/wp\/v2\/posts\/64769\/revisions\/64771"}],"wp:featuredmedia":[{"embeddable":true,"href":"https:\/\/prizrenpost.com\/al\/wp-json\/wp\/v2\/media\/64770"}],"wp:attachment":[{"href":"https:\/\/prizrenpost.com\/al\/wp-json\/wp\/v2\/media?parent=64769"}],"wp:term":[{"taxonomy":"category","embeddable":true,"href":"https:\/\/prizrenpost.com\/al\/wp-json\/wp\/v2\/categories?post=64769"},{"taxonomy":"post_tag","embeddable":true,"href":"https:\/\/prizrenpost.com\/al\/wp-json\/wp\/v2\/tags?post=64769"}],"curies":[{"name":"wp","href":"https:\/\/api.w.org\/{rel}","templated":true}]}}