{"id":64786,"date":"2022-08-03T15:55:33","date_gmt":"2022-08-03T13:55:33","guid":{"rendered":"https:\/\/prizrenpost.com\/al\/?p=64786"},"modified":"2022-08-03T15:56:48","modified_gmt":"2022-08-03T13:56:48","slug":"fabregas-parashikon-gjera-vertet-emocionuese-per-topcinjte","status":"publish","type":"post","link":"https:\/\/prizrenpost.com\/al\/fabregas-parashikon-gjera-vertet-emocionuese-per-topcinjte\/","title":{"rendered":"Fabregas parashikon gj\u00ebra &#8216;v\u00ebrtet emocionuese&#8217; p\u00ebr Top\u00e7injt\u00eb"},"content":{"rendered":"<p><img decoding=\"async\" src=\"https:\/\/prizrenpost.com\/al\/wp-content\/uploads\/2022\/08\/fabregas.webp\" alt=\"\" width=\"100%\" height=\"\" class=\"alignleft size-full wp-image-64787\" srcset=\"https:\/\/prizrenpost.com\/al\/wp-content\/uploads\/2022\/08\/fabregas.webp 1000w, https:\/\/prizrenpost.com\/al\/wp-content\/uploads\/2022\/08\/fabregas-300x169.webp 300w, https:\/\/prizrenpost.com\/al\/wp-content\/uploads\/2022\/08\/fabregas-768x432.webp 768w\" sizes=\"(max-width: 1000px) 100vw, 1000px\" \/><\/p>\n<p><strong>Ish-mesfushori i Barcelon\u00ebs dhe Spanj\u00ebs beson se klubi i tij i vjet\u00ebr n\u00eb Premier League po shkon n\u00eb drejtimin e duhur n\u00ebn drejtimin e trajnerit aktual.<\/strong><\/p>\n<p>Cesc Fabregas beson se Arsenali po sh\u00ebnon t\u00eb gjitha kutit\u00eb e duhura n\u00eb afatin kalimtar t\u00eb ver\u00ebs dhe Top\u00e7injt\u00eb duhet t\u00eb jen\u00eb t\u00eb emocionuar p\u00ebr perspektivat e tyre n\u00eb sezonin 2022-23 t\u00eb Premier League.<\/p>\n<p>Spanjolli i \u00ebsht\u00eb bashkuar ekipit t\u00eb Seris\u00eb B, Como, n\u00eb nj\u00eb transferim t\u00eb lir\u00eb dhe tani do t\u00eb vazhdoj\u00eb karrier\u00ebn e tij n\u00eb Itali n\u00eb nj\u00eb marr\u00ebveshje q\u00eb e sheh at\u00eb gjithashtu t\u00eb b\u00ebhet aksioner i klubit.<\/p>\n<p>Megjithat\u00eb, ish-lojtari i Arsenalit i p\u00eblqen ende t\u00eb mbaj\u00eb sh\u00ebnime p\u00ebr klubin londinez dhe vler\u00ebsoi pun\u00ebn e b\u00ebr\u00eb nga menaxheri Mikel Arteta dhe drejtori teknik Edu n\u00eb tregun e transferimeve.<\/p>\n<p>Arsenali ka b\u00ebr\u00eb pes\u00eb n\u00ebnshkrime duke p\u00ebrfshir\u00eb Gabriel Jesus dhe Oleksandr Zinchenko nga Manchester City. Ata gjithashtu kan\u00eb marr\u00eb Fabio Vieira nga Porto dhe sensacionin adoleshent Marquinhos nga Sao Paulo, s\u00eb bashku me portierin Matt Turner nga New England. Ata jan\u00eb ende n\u00eb k\u00ebrkim t\u00eb p\u00ebrforcimeve n\u00eb mesfush\u00eb p\u00ebr t\u00eb shtuar m\u00eb tej \u00e7elikun n\u00eb skuad\u00ebr.<\/p>\n<p>Duke folur p\u00ebr Sky Sports, Fabregas lavd\u00ebroi trajnerin e Arsenalit dhe tha: &#8220;Un\u00eb mendoj se Mikel po b\u00ebn nj\u00eb pun\u00eb fantastike dhe un\u00eb mendoj se Edu po b\u00ebn nj\u00eb pun\u00eb fantastike.<\/p>\n<p>&#8220;Jo vet\u00ebm p\u00ebr at\u00eb q\u00eb po b\u00ebjn\u00eb, sepse kur flasim p\u00ebr njer\u00ebzit e futbollit, Edu \u00ebsht\u00eb nj\u00eb futbollist dhe ai ka pasur durimin dhe ai e di sakt\u00ebsisht se \u00e7far\u00eb duhet ndonj\u00ebher\u00eb p\u00ebr t\u00eb nd\u00ebrtuar nj\u00eb projekt. Nuk mund ta b\u00ebsh at\u00eb brenda nj\u00eb ose dy dit\u00ebsh.<\/p>\n<p>\u201cTregu nuk t\u00eb lejon t\u00eb marr\u00ebsh lojtarin e duhur, ndonj\u00ebher\u00eb je shum\u00eb i ri p\u00ebr t\u00eb konkurruar si\u00e7 ndodhi n\u00eb Arsenal gjat\u00eb nj\u00eb apo dy viteve, por un\u00eb mendoj se ata jan\u00eb t\u00eb pjekur, lojtar\u00ebt m\u00eb t\u00eb rinj nuk jan\u00eb m\u00eb aq t\u00eb rinj\u201d.<\/p>\n<p>35-vje\u00e7ari beson se n\u00ebnshkrimet e reja do t\u00eb b\u00ebjn\u00eb m\u00eb t\u00eb mir\u00ebn p\u00ebr Arsenalin, gj\u00eb q\u00eb do t&#8217;i ndihmoj\u00eb ata t\u00eb arrijn\u00eb lart\u00ebsi t\u00eb reja n\u00eb sezonin 2022-23.<\/p>\n<p>\u201cUn\u00eb shoh nj\u00eb faz\u00eb tjet\u00ebr, ata e p\u00ebrforcuan mir\u00eb ekipin n\u00eb disa fusha q\u00eb ata po luftonin dhe me t\u00eb v\u00ebrtet\u00eb po e pres me padurim sezonin sepse \u00ebsht\u00eb v\u00ebrtet emocionues\u201d, u shpreh Fabregas.<\/p>\n","protected":false},"excerpt":{"rendered":"<p>Ish-mesfushori i Barcelon\u00ebs dhe Spanj\u00ebs beson se klubi i tij i vjet\u00ebr n\u00eb Premier League po shkon n\u00eb drejtimin e duhur n\u00ebn drejtimin e trajnerit aktual. Cesc Fabregas beson se Arsenali po sh\u00ebnon t\u00eb gjitha kutit\u00eb e duhura n\u00eb afatin kalimtar t\u00eb ver\u00ebs dhe Top\u00e7injt\u00eb duhet t\u00eb jen\u00eb t\u00eb emocionuar p\u00ebr perspektivat e tyre n\u00eb [&hellip;]<\/p>\n","protected":false},"author":1,"featured_media":64787,"comment_status":"open","ping_status":"open","sticky":false,"template":"","format":"standard","meta":{"footnotes":""},"categories":[7],"tags":[1587,6060,917],"class_list":["post-64786","post","type-post","status-publish","format-standard","has-post-thumbnail","hentry","category-sport","tag-arsenal","tag-cesk-fabregas","tag-premier-league"],"_links":{"self":[{"href":"https:\/\/prizrenpost.com\/al\/wp-json\/wp\/v2\/posts\/64786","targetHints":{"allow":["GET"]}}],"collection":[{"href":"https:\/\/prizrenpost.com\/al\/wp-json\/wp\/v2\/posts"}],"about":[{"href":"https:\/\/prizrenpost.com\/al\/wp-json\/wp\/v2\/types\/post"}],"author":[{"embeddable":true,"href":"https:\/\/prizrenpost.com\/al\/wp-json\/wp\/v2\/users\/1"}],"replies":[{"embeddable":true,"href":"https:\/\/prizrenpost.com\/al\/wp-json\/wp\/v2\/comments?post=64786"}],"version-history":[{"count":3,"href":"https:\/\/prizrenpost.com\/al\/wp-json\/wp\/v2\/posts\/64786\/revisions"}],"predecessor-version":[{"id":64790,"href":"https:\/\/prizrenpost.com\/al\/wp-json\/wp\/v2\/posts\/64786\/revisions\/64790"}],"wp:featuredmedia":[{"embeddable":true,"href":"https:\/\/prizrenpost.com\/al\/wp-json\/wp\/v2\/media\/64787"}],"wp:attachment":[{"href":"https:\/\/prizrenpost.com\/al\/wp-json\/wp\/v2\/media?parent=64786"}],"wp:term":[{"taxonomy":"category","embeddable":true,"href":"https:\/\/prizrenpost.com\/al\/wp-json\/wp\/v2\/categories?post=64786"},{"taxonomy":"post_tag","embeddable":true,"href":"https:\/\/prizrenpost.com\/al\/wp-json\/wp\/v2\/tags?post=64786"}],"curies":[{"name":"wp","href":"https:\/\/api.w.org\/{rel}","templated":true}]}}