{"id":64822,"date":"2022-08-05T10:48:17","date_gmt":"2022-08-05T08:48:17","guid":{"rendered":"https:\/\/prizrenpost.com\/al\/?p=64822"},"modified":"2022-08-05T10:48:17","modified_gmt":"2022-08-05T08:48:17","slug":"specialja-ia-vazhdon-paraburgimin-rexhep-selimit","status":"publish","type":"post","link":"https:\/\/prizrenpost.com\/al\/specialja-ia-vazhdon-paraburgimin-rexhep-selimit\/","title":{"rendered":"Specialja ia vazhdon paraburgimin Rexhep Selimit"},"content":{"rendered":"<p><img decoding=\"async\" src=\"https:\/\/prizrenpost.com\/al\/wp-content\/uploads\/2022\/08\/rexhep-selimi-hage.jpeg\" alt=\"\" width=\"100%\" height=\"\" class=\"alignleft size-full wp-image-64823\" srcset=\"https:\/\/prizrenpost.com\/al\/wp-content\/uploads\/2022\/08\/rexhep-selimi-hage.jpeg 940w, https:\/\/prizrenpost.com\/al\/wp-content\/uploads\/2022\/08\/rexhep-selimi-hage-300x169.jpeg 300w, https:\/\/prizrenpost.com\/al\/wp-content\/uploads\/2022\/08\/rexhep-selimi-hage-768x432.jpeg 768w\" sizes=\"(max-width: 940px) 100vw, 940px\" \/><\/p>\n<p><strong>PRISHTIN\u00cb &#8211; Paneli i Apelit n\u00eb Gjykat\u00ebn Speciale ka marr\u00eb vendim p\u00ebr ankes\u00ebn e ish-deputetit t\u00eb Vet\u00ebvendosjes, Rexhep Selimi, p\u00ebr vazhdimin e paraburgimit.<\/strong><\/p>\n<p>Paneli ka vendosur q\u00eb Selimit t\u2019i refuzohet n\u00eb t\u00ebr\u00ebsi ankesa, dhe rrjedhimisht, atij i vazhdohet paraburgimi.<\/p>\n<p>Apeli ka theksuar n\u00eb arsyetimin e tij se ekzistojn\u00eb s\u00ebrish rreziqet e p\u00ebrmendura m\u00eb her\u00ebt n\u00ebse Selimi mbrohet n\u00eb liri.<\/p>\n<p>\u201c10-shit\u201d t\u00eb U\u00c7K-s\u00eb i \u00ebsht\u00eb k\u00ebrkuar q\u00eb shkresat n\u00eb lidhje me vendimin e Apelit t\u2019i d\u00ebrgoj\u00eb deri 10 dit\u00eb pas marrjes s\u00eb tij.<\/p>\n<p>Sipas aktakuz\u00ebs, Selimi dyshohet p\u00ebr veprat penale q\u00eb kan\u00eb t\u00eb b\u00ebjn\u00eb me krime lufte, ndalim t\u00eb paligjsh\u00ebm ose arbitrar, trajtim mizor, tortur\u00eb dhe vrasje t\u00eb paligjshme dhe krime kund\u00ebr njer\u00ebzimit, burgosje, akte t\u00eb tjera \u00e7njer\u00ebzore, zhdukje me forc\u00eb t\u00eb personave dhe p\u00ebrndjekje, t\u00eb cilat, sipas Dhomave t\u00eb Specializuara, jan\u00eb kryer midis marsit t\u00eb vitit 1998 dhe shtatorit, 1999.<\/p>\n<p>Krimet pretendohet se jan\u00eb kryer n\u00eb disa lokacione t\u00eb Kosov\u00ebs dhe n\u00eb veri t\u00eb Shqip\u00ebris\u00eb, p\u00ebrkat\u00ebsisht n\u00eb Kuk\u00ebs dhe Cahan.<\/p>\n<p>Selimi ka nj\u00eb aktakuz\u00eb t\u00eb p\u00ebrbashk\u00ebt me ish-presidentin e Kosov\u00ebs, Hashim Tha\u00e7in, ish-kreun e Partis\u00eb Demokratike t\u00eb Kosov\u00ebs, Kadri Veselin dhe ish-kryetarin e Kuvendit t\u00eb Kosov\u00ebs, Jakup Krasniqin. Ata po ashtu gjenden n\u00eb paraburgim n\u00eb Hag\u00eb.<\/p>\n","protected":false},"excerpt":{"rendered":"<p>PRISHTIN\u00cb &#8211; Paneli i Apelit n\u00eb Gjykat\u00ebn Speciale ka marr\u00eb vendim p\u00ebr ankes\u00ebn e ish-deputetit t\u00eb Vet\u00ebvendosjes, Rexhep Selimi, p\u00ebr vazhdimin e paraburgimit. Paneli ka vendosur q\u00eb Selimit t\u2019i refuzohet n\u00eb t\u00ebr\u00ebsi ankesa, dhe rrjedhimisht, atij i vazhdohet paraburgimi. Apeli ka theksuar n\u00eb arsyetimin e tij se ekzistojn\u00eb s\u00ebrish rreziqet e p\u00ebrmendura m\u00eb her\u00ebt n\u00ebse [&hellip;]<\/p>\n","protected":false},"author":1,"featured_media":64823,"comment_status":"open","ping_status":"open","sticky":false,"template":"","format":"standard","meta":{"footnotes":""},"categories":[14],"tags":[3803,1597,287,1285,36],"class_list":["post-64822","post","type-post","status-publish","format-standard","has-post-thumbnail","hentry","category-kombetare","tag-aktuale","tag-hage","tag-kosova","tag-rexhep-selimi","tag-uck"],"_links":{"self":[{"href":"https:\/\/prizrenpost.com\/al\/wp-json\/wp\/v2\/posts\/64822","targetHints":{"allow":["GET"]}}],"collection":[{"href":"https:\/\/prizrenpost.com\/al\/wp-json\/wp\/v2\/posts"}],"about":[{"href":"https:\/\/prizrenpost.com\/al\/wp-json\/wp\/v2\/types\/post"}],"author":[{"embeddable":true,"href":"https:\/\/prizrenpost.com\/al\/wp-json\/wp\/v2\/users\/1"}],"replies":[{"embeddable":true,"href":"https:\/\/prizrenpost.com\/al\/wp-json\/wp\/v2\/comments?post=64822"}],"version-history":[{"count":1,"href":"https:\/\/prizrenpost.com\/al\/wp-json\/wp\/v2\/posts\/64822\/revisions"}],"predecessor-version":[{"id":64824,"href":"https:\/\/prizrenpost.com\/al\/wp-json\/wp\/v2\/posts\/64822\/revisions\/64824"}],"wp:featuredmedia":[{"embeddable":true,"href":"https:\/\/prizrenpost.com\/al\/wp-json\/wp\/v2\/media\/64823"}],"wp:attachment":[{"href":"https:\/\/prizrenpost.com\/al\/wp-json\/wp\/v2\/media?parent=64822"}],"wp:term":[{"taxonomy":"category","embeddable":true,"href":"https:\/\/prizrenpost.com\/al\/wp-json\/wp\/v2\/categories?post=64822"},{"taxonomy":"post_tag","embeddable":true,"href":"https:\/\/prizrenpost.com\/al\/wp-json\/wp\/v2\/tags?post=64822"}],"curies":[{"name":"wp","href":"https:\/\/api.w.org\/{rel}","templated":true}]}}