{"id":64938,"date":"2022-08-25T10:39:23","date_gmt":"2022-08-25T08:39:23","guid":{"rendered":"https:\/\/prizrenpost.com\/al\/?p=64938"},"modified":"2022-08-25T10:39:23","modified_gmt":"2022-08-25T08:39:23","slug":"cmim-nobel-per-kurtin-e-vuciqin-nese-ka-marreveshje","status":"publish","type":"post","link":"https:\/\/prizrenpost.com\/al\/cmim-nobel-per-kurtin-e-vuciqin-nese-ka-marreveshje\/","title":{"rendered":"\u00c7mim Nobel p\u00ebr Kurtin e Vu\u00e7iqin n\u00ebse ka marr\u00ebveshje"},"content":{"rendered":"<p><img decoding=\"async\" src=\"https:\/\/prizrenpost.com\/al\/wp-content\/uploads\/2022\/08\/lajcak-kurti-vucic-1.jpeg\" alt=\"\" width=\"100%\" height=\"\" class=\"alignleft size-full wp-image-64940\" srcset=\"https:\/\/prizrenpost.com\/al\/wp-content\/uploads\/2022\/08\/lajcak-kurti-vucic-1.jpeg 600w, https:\/\/prizrenpost.com\/al\/wp-content\/uploads\/2022\/08\/lajcak-kurti-vucic-1-300x180.jpeg 300w\" sizes=\"(max-width: 600px) 100vw, 600px\" \/><\/p>\n<p><strong>PRISHTIN\u00cb &#8211; N\u00ebse do t\u00eb arrihej nj\u00eb marr\u00ebveshje p\u00ebrfundimtare mes Kosov\u00ebs dhe Serbis\u00eb, duke i dh\u00ebn\u00eb fund armiq\u00ebsive shum\u00ebvje\u00e7are, kryeministri kosovar Albin Kurti dhe presidenti serb Aleksandar Vu\u00e7iq, do t\u00eb mund t\u00eb kualifikoheshin p\u00ebr \u00c7mimin Nobel t\u00eb Paqes.<\/strong><\/p>\n<p>K\u00ebshtu ka th\u00ebn\u00eb i d\u00ebrguari i posa\u00e7\u00ebm i BE-s\u00eb p\u00ebr dialogun, Mirosllav Laj\u00e7ak n\u00eb nj\u00eb intervist\u00eb p\u00ebr BBC-n\u00eb n\u00eb edicionin serbisht.<\/p>\n<p>Ai ka th\u00ebn\u00eb se nuk ka asnj\u00eb dilem\u00eb p\u00ebr k\u00ebt\u00eb gj\u00eb.<\/p>\n<p>\u201cNormalizimi i marr\u00ebdh\u00ebnieve sigurisht q\u00eb do t\u2019i kualifikonte dy lider\u00ebt p\u00ebr \u00e7mimin Nobel, nuk kam asnj\u00eb dyshim p\u00ebr k\u00ebt\u00eb\u201d, ka th\u00ebn\u00eb ai, kur \u00ebsht\u00eb pyetur nga mediumi.<\/p>\n<p>BBC shkruan se e nj\u00ebjta gj\u00eb shpresohej edhe n\u00eb vitin 2018, kur negocionin ish-presidenti Hashim Tha\u00e7i dhe Vu\u00e7iq n\u00eb Bruksel.<\/p>\n<p>Ishte p\u00ebrfaq\u00ebsuesja e Lart\u00eb e BE-s\u00eb, Federica Mogherini, ajo q\u00eb kishte spekuluar se Tha\u00e7i e Vu\u00e7iq mund t\u00eb merrnin \u00c7minin Nobel p\u00ebr Paqe n\u00eb rast t\u00eb nj\u00eb marr\u00ebv\u00ebshjeje t\u00eb suksessh\u00ebm.<\/p>\n<p>P\u00ebrpjekjet p\u00ebr marr\u00ebveshje p\u00ebrfundimtare vazhdojn\u00eb edhe tani, pas 4 viteve, mir\u00ebpo si\u00e7 shkruan BBC, shum\u00eb gj\u00ebra kan\u00eb ndryshuar tashm\u00eb p\u00ebrve\u00e7 rolit t\u00eb Vu\u00e7iqit: bisedimet p\u00ebr ndryshimin e kufijve dhe shk\u00ebmbimin e territoreve mes Kosov\u00ebs e Serbis\u00eb jan\u00eb hedhur posht\u00eb, Hashim Tha\u00e7i mbahet n\u00eb paraburgim nga Gjykata Speciale, Federica Mogherini \u00ebsht\u00eb larg dialogut dhe administrata Trump n\u00eb SHBA ka r\u00ebn\u00eb nga pushteti, shkruan Express.<\/p>\n","protected":false},"excerpt":{"rendered":"<p>PRISHTIN\u00cb &#8211; N\u00ebse do t\u00eb arrihej nj\u00eb marr\u00ebveshje p\u00ebrfundimtare mes Kosov\u00ebs dhe Serbis\u00eb, duke i dh\u00ebn\u00eb fund armiq\u00ebsive shum\u00ebvje\u00e7are, kryeministri kosovar Albin Kurti dhe presidenti serb Aleksandar Vu\u00e7iq, do t\u00eb mund t\u00eb kualifikoheshin p\u00ebr \u00c7mimin Nobel t\u00eb Paqes. K\u00ebshtu ka th\u00ebn\u00eb i d\u00ebrguari i posa\u00e7\u00ebm i BE-s\u00eb p\u00ebr dialogun, Mirosllav Laj\u00e7ak n\u00eb nj\u00eb intervist\u00eb p\u00ebr [&hellip;]<\/p>\n","protected":false},"author":1,"featured_media":64940,"comment_status":"open","ping_status":"open","sticky":false,"template":"","format":"standard","meta":{"footnotes":""},"categories":[4],"tags":[877,1159,2763,5863],"class_list":["post-64938","post","type-post","status-publish","format-standard","has-post-thumbnail","hentry","category-kulture","tag-albin-kurti","tag-aleksandar-vucic","tag-cmimi-nobel","tag-miroslav-lajcak"],"_links":{"self":[{"href":"https:\/\/prizrenpost.com\/al\/wp-json\/wp\/v2\/posts\/64938","targetHints":{"allow":["GET"]}}],"collection":[{"href":"https:\/\/prizrenpost.com\/al\/wp-json\/wp\/v2\/posts"}],"about":[{"href":"https:\/\/prizrenpost.com\/al\/wp-json\/wp\/v2\/types\/post"}],"author":[{"embeddable":true,"href":"https:\/\/prizrenpost.com\/al\/wp-json\/wp\/v2\/users\/1"}],"replies":[{"embeddable":true,"href":"https:\/\/prizrenpost.com\/al\/wp-json\/wp\/v2\/comments?post=64938"}],"version-history":[{"count":1,"href":"https:\/\/prizrenpost.com\/al\/wp-json\/wp\/v2\/posts\/64938\/revisions"}],"predecessor-version":[{"id":64941,"href":"https:\/\/prizrenpost.com\/al\/wp-json\/wp\/v2\/posts\/64938\/revisions\/64941"}],"wp:featuredmedia":[{"embeddable":true,"href":"https:\/\/prizrenpost.com\/al\/wp-json\/wp\/v2\/media\/64940"}],"wp:attachment":[{"href":"https:\/\/prizrenpost.com\/al\/wp-json\/wp\/v2\/media?parent=64938"}],"wp:term":[{"taxonomy":"category","embeddable":true,"href":"https:\/\/prizrenpost.com\/al\/wp-json\/wp\/v2\/categories?post=64938"},{"taxonomy":"post_tag","embeddable":true,"href":"https:\/\/prizrenpost.com\/al\/wp-json\/wp\/v2\/tags?post=64938"}],"curies":[{"name":"wp","href":"https:\/\/api.w.org\/{rel}","templated":true}]}}