{"id":64994,"date":"2022-08-29T15:15:37","date_gmt":"2022-08-29T13:15:37","guid":{"rendered":"https:\/\/prizrenpost.com\/al\/?p=64994"},"modified":"2022-08-29T15:15:37","modified_gmt":"2022-08-29T13:15:37","slug":"scholz-ballkani-perendimor-te-perfshihet-ne-zgjerimin-e-be-se","status":"publish","type":"post","link":"https:\/\/prizrenpost.com\/al\/scholz-ballkani-perendimor-te-perfshihet-ne-zgjerimin-e-be-se\/","title":{"rendered":"Scholz: Ballkani Per\u00ebndimor t\u00eb p\u00ebrfshihet n\u00eb zgjerimin e BE-s\u00eb"},"content":{"rendered":"<p><img decoding=\"async\" src=\"https:\/\/prizrenpost.com\/al\/wp-content\/uploads\/2022\/08\/scholz.webp\" alt=\"\" width=\"100%\" height=\"\" class=\"alignleft size-full wp-image-64995\" srcset=\"https:\/\/prizrenpost.com\/al\/wp-content\/uploads\/2022\/08\/scholz.webp 1023w, https:\/\/prizrenpost.com\/al\/wp-content\/uploads\/2022\/08\/scholz-300x169.webp 300w, https:\/\/prizrenpost.com\/al\/wp-content\/uploads\/2022\/08\/scholz-768x432.webp 768w\" sizes=\"(max-width: 1023px) 100vw, 1023px\" \/><\/p>\n<p><strong>PRAGE &#8211; Kancelari gjerman, Olaf Scholz, tha se ai \u00ebsht\u00eb \u201ci p\u00ebrkushtuar\u201d p\u00ebr zgjerimin e Bashkimit Evropian p\u00ebr t\u00eb p\u00ebrfshir\u00eb n\u00eb t\u00eb gjasht\u00eb shtetet e Ballkanit Per\u00ebndimor, por edhe Ukrain\u00ebn e Moldavin\u00eb, si dhe Gjeorgjin\u00eb. Ai tha se \u201cqendra e Evrop\u00ebs po l\u00ebvizjes drejt lindjes\u201d.<\/strong><\/p>\n<p>\u201cAn\u00ebtar\u00ebsimi i tyre n\u00eb BE \u00ebsht\u00eb n\u00eb interesin ton\u00eb\u201d, tha Scholz gjat\u00eb nj\u00eb fjalimi m\u00eb 29 gusht n\u00eb Universitetin \u00c7arls t\u00eb Prag\u00ebs, teksa ai shpalosi vizionin e tij p\u00ebr nj\u00eb Evrop\u00eb t\u00eb zgjeruar.<\/p>\n<p>Kosova, Shqip\u00ebria, Maqedonia e Veriut, Mali i Zi, Bosnj\u00eb e Hercegovina dhe Serbia, q\u00eb t\u00eb gjitha po k\u00ebrkojn\u00eb an\u00ebtar\u00ebsim n\u00eb BE. Por, gjasht\u00eb shtetet e Ballkanit kan\u00eb shprehur zhg\u00ebnjimin e tyre p\u00ebr shkak t\u00eb ngecjeve n\u00eb proces, ve\u00e7an\u00ebrisht pasi blloku vendosi n\u00eb qershor, p\u00ebrmes nj\u00eb procesi t\u00eb p\u00ebrshpejtuar, q\u00eb t\u2019i jap\u00eb Ukrain\u00ebs dhe Moldavis\u00eb statusin e vendit kandidat.<\/p>\n<p>Nga shtetet e Ballkanit Per\u00ebndimor, Serbia dhe Mali i Zi jan\u00eb n\u00eb nj\u00eb stad m\u00eb t\u00eb p\u00ebrparuar drejt an\u00ebtar\u00ebsimit, dhe dy shtetet kan\u00eb hapur disa kapituj me BE-n\u00eb. Shqip\u00ebria dhe Maqedonia e Veriut korrikun e k\u00ebtij viti kan\u00eb nisur bisedimet p\u00ebr an\u00ebtar\u00ebsim, nd\u00ebrkaq Kosova dhe Bosnj\u00eb e Hercegovina mbeten t\u00eb fundit n\u00eb rajon sa i p\u00ebrket rrug\u00ebtimit t\u00eb tyre drejt BE-s\u00eb. Prishtina dhe Sarajeva ende nuk kan\u00eb fituar statusin e vendit kandidat.<\/p>\n<p>N\u00eb drit\u00eb t\u00eb pushtimit rus t\u00eb Ukrain\u00ebs, Scholz u b\u00ebri thirrje t\u00eb 27 an\u00ebtar\u00ebve t\u00eb bllokut q\u00eb t\u00eb \u201czgjidhin konfliktet e vjetra dhe t\u00eb gjejn\u00eb zgjidhje t\u00eb reja\u201d, duke shtuar se Gjermania do t\u00eb vazhdoj\u00eb mb\u00ebshtetjen e saj p\u00ebr Kievin \u201cp\u00ebr aq koh\u00eb sa t\u00eb jet\u00eb e nevojshme\u201d.<\/p>\n<p>Megjithat\u00eb, \u201cn\u00eb k\u00ebt\u00eb bllok t\u00eb zgjeruar, dallimet midis shteteve an\u00ebtare do t\u00eb rriten sa i p\u00ebrket interesave politike, ndikimit ekonomik dhe sistemeve t\u00eb siguris\u00eb shoq\u00ebrore\u201d, tha ai.<\/p>\n<p>\u201cKu k\u00ebrkohet unanimiteti n\u00eb dit\u00ebt e sotme, rreziku q\u00eb shtetet individuale t\u00eb p\u00ebrdorin veton dhe t\u00eb parandalojn\u00eb shtetet e tjera p\u00ebr t\u00eb marr\u00eb vendime, rritet pas \u00e7do an\u00ebtar\u00ebsimi t\u00eb ri\u201d, shtoi ai.<\/p>\n<p>\u201cPrandaj, kam propozuar nj\u00eb tranzicion gradual drejt votimit p\u00ebrmes shumic\u00ebs p\u00ebr politik\u00ebn e p\u00ebrbashk\u00ebt t\u00eb jashtme, por edhe p\u00ebr \u00e7\u00ebshtje t\u00eb tjera, sikurse politikat tatimore \u2013 duke e ditur shum\u00eb mir\u00eb se kjo mund t\u00eb ket\u00eb pasoja p\u00ebr Gjermanin\u00eb\u201d, tha Scholz.\/REL\/<\/p>\n","protected":false},"excerpt":{"rendered":"<p>PRAGE &#8211; Kancelari gjerman, Olaf Scholz, tha se ai \u00ebsht\u00eb \u201ci p\u00ebrkushtuar\u201d p\u00ebr zgjerimin e Bashkimit Evropian p\u00ebr t\u00eb p\u00ebrfshir\u00eb n\u00eb t\u00eb gjasht\u00eb shtetet e Ballkanit Per\u00ebndimor, por edhe Ukrain\u00ebn e Moldavin\u00eb, si dhe Gjeorgjin\u00eb. Ai tha se \u201cqendra e Evrop\u00ebs po l\u00ebvizjes drejt lindjes\u201d. \u201cAn\u00ebtar\u00ebsimi i tyre n\u00eb BE \u00ebsht\u00eb n\u00eb interesin ton\u00eb\u201d, tha [&hellip;]<\/p>\n","protected":false},"author":1,"featured_media":64995,"comment_status":"open","ping_status":"open","sticky":false,"template":"","format":"standard","meta":{"footnotes":""},"categories":[15],"tags":[1347,311,6082],"class_list":["post-64994","post","type-post","status-publish","format-standard","has-post-thumbnail","hentry","category-ballkan","tag-ballkani-perendimor","tag-gjermania","tag-olaf-scholz"],"_links":{"self":[{"href":"https:\/\/prizrenpost.com\/al\/wp-json\/wp\/v2\/posts\/64994","targetHints":{"allow":["GET"]}}],"collection":[{"href":"https:\/\/prizrenpost.com\/al\/wp-json\/wp\/v2\/posts"}],"about":[{"href":"https:\/\/prizrenpost.com\/al\/wp-json\/wp\/v2\/types\/post"}],"author":[{"embeddable":true,"href":"https:\/\/prizrenpost.com\/al\/wp-json\/wp\/v2\/users\/1"}],"replies":[{"embeddable":true,"href":"https:\/\/prizrenpost.com\/al\/wp-json\/wp\/v2\/comments?post=64994"}],"version-history":[{"count":1,"href":"https:\/\/prizrenpost.com\/al\/wp-json\/wp\/v2\/posts\/64994\/revisions"}],"predecessor-version":[{"id":64996,"href":"https:\/\/prizrenpost.com\/al\/wp-json\/wp\/v2\/posts\/64994\/revisions\/64996"}],"wp:featuredmedia":[{"embeddable":true,"href":"https:\/\/prizrenpost.com\/al\/wp-json\/wp\/v2\/media\/64995"}],"wp:attachment":[{"href":"https:\/\/prizrenpost.com\/al\/wp-json\/wp\/v2\/media?parent=64994"}],"wp:term":[{"taxonomy":"category","embeddable":true,"href":"https:\/\/prizrenpost.com\/al\/wp-json\/wp\/v2\/categories?post=64994"},{"taxonomy":"post_tag","embeddable":true,"href":"https:\/\/prizrenpost.com\/al\/wp-json\/wp\/v2\/tags?post=64994"}],"curies":[{"name":"wp","href":"https:\/\/api.w.org\/{rel}","templated":true}]}}