{"id":65064,"date":"2022-09-08T14:08:46","date_gmt":"2022-09-08T12:08:46","guid":{"rendered":"https:\/\/prizrenpost.com\/al\/?p=65064"},"modified":"2022-09-08T14:08:46","modified_gmt":"2022-09-08T12:08:46","slug":"qeveria-nga-ky-muaj-ndan-50-euro-per-punetoret-e-sektorit-publik","status":"publish","type":"post","link":"https:\/\/prizrenpost.com\/al\/qeveria-nga-ky-muaj-ndan-50-euro-per-punetoret-e-sektorit-publik\/","title":{"rendered":"Qeveria nga ky muaj ndan 50 euro p\u00ebr pun\u00ebtor\u00ebt e sektorit publik"},"content":{"rendered":"<p><img decoding=\"async\" src=\"https:\/\/prizrenpost.com\/al\/wp-content\/uploads\/2022\/07\/qeveria.jpeg\" alt=\"\" width=\"100%\" height=\"\" class=\"alignnone size-full wp-image-64635\" srcset=\"https:\/\/prizrenpost.com\/al\/wp-content\/uploads\/2022\/07\/qeveria.jpeg 780w, https:\/\/prizrenpost.com\/al\/wp-content\/uploads\/2022\/07\/qeveria-300x169.jpeg 300w, https:\/\/prizrenpost.com\/al\/wp-content\/uploads\/2022\/07\/qeveria-768x432.jpeg 768w\" sizes=\"(max-width: 780px) 100vw, 780px\" \/><\/p>\n<p><strong>PRISHTINE &#8211; Kryeministri i vendit, Albin Kurti b\u00ebri t\u00eb ditur se duke filluar nga ky muaj p\u00ebr zyrtar\u00ebt publik\u00eb do t\u00eb ndajn\u00eb shtes\u00ebn prej 50 euro, kurse p\u00ebr pun\u00ebtor\u00ebt n\u00eb nd\u00ebrmarrjet publike do t\u00eb ndajn\u00eb shum\u00ebn e nj\u00ebhershme prej 100 euro.<\/strong><\/p>\n<p>Ai njoftoi se p\u00ebr pensionist\u00ebt do t\u00eb ndajn\u00eb shum\u00ebn e nj\u00ebhershme prej 100 euro (n\u00eb tetor), nd\u00ebrkaq familjet n\u00eb asistenc\u00eb sociale do t\u2019i mb\u00ebshtesin duke dyfishuar shum\u00ebn e asistenc\u00ebs p\u00ebr nj\u00eb muaj.<\/p>\n<p>Kryeministri p\u00ebrmendi edhe sektorin privat duke th\u00ebn\u00eb se 80 p\u00ebr qind jan\u00eb t\u00eb pun\u00ebsuar n\u00eb k\u00ebt\u00eb sektor, e q\u00eb \u00ebsht\u00eb prekur m\u00eb s\u00eb shumti nga inflacioni.<\/p>\n<p>\u201cDo t\u00eb mb\u00ebshtesim secilin biznes q\u00eb i rrit\u00eb pagat e pun\u00ebtor\u00ebve. Duke subvencionuar 50 p\u00ebr qind t\u00eb rritjes s\u00eb pag\u00ebs p\u00ebr pun\u00ebtor\u00eb, maksimumi 100 euro p\u00ebr tre muajt e par\u00eb\u201d, b\u00ebri t\u00eb ditur Kurti.<\/p>\n<p>Ai tha se p\u00ebrkrahje do t\u00eb ket\u00eb edhe p\u00ebr student\u00ebt, ku do t\u00eb ndahet shuma e nj\u00ebhershme prej 100 euro n\u00eb n\u00ebntor kur viti akademik \u00ebsht\u00eb duke u zhvilluar.<\/p>\n<p>Nd\u00ebrkaq, ministri Hekuran Murati tha se subvencionimi i faturave t\u00eb energjis\u00eb, shtesat n\u00eb sektorin publik\u00eb, ndihma e familjeve n\u00eb asistenc\u00eb sociale do t\u00eb fillojn\u00eb k\u00ebt\u00eb muaj, nd\u00ebrsa procedimi i mjeteve p\u00ebr pensionist\u00ebt do t\u00eb b\u00ebhet n\u00eb muajin tetor.<\/p>\n","protected":false},"excerpt":{"rendered":"<p>PRISHTINE &#8211; Kryeministri i vendit, Albin Kurti b\u00ebri t\u00eb ditur se duke filluar nga ky muaj p\u00ebr zyrtar\u00ebt publik\u00eb do t\u00eb ndajn\u00eb shtes\u00ebn prej 50 euro, kurse p\u00ebr pun\u00ebtor\u00ebt n\u00eb nd\u00ebrmarrjet publike do t\u00eb ndajn\u00eb shum\u00ebn e nj\u00ebhershme prej 100 euro. Ai njoftoi se p\u00ebr pensionist\u00ebt do t\u00eb ndajn\u00eb shum\u00ebn e nj\u00ebhershme prej 100 euro [&hellip;]<\/p>\n","protected":false},"author":1,"featured_media":64635,"comment_status":"open","ping_status":"open","sticky":false,"template":"","format":"standard","meta":{"footnotes":""},"categories":[25],"tags":[877,48,5890,5471],"class_list":["post-65064","post","type-post","status-publish","format-standard","has-post-thumbnail","hentry","category-ekonomi","tag-albin-kurti","tag-kosove","tag-pakoja-e-ringjalljes-ekonomike","tag-sektori-publik"],"_links":{"self":[{"href":"https:\/\/prizrenpost.com\/al\/wp-json\/wp\/v2\/posts\/65064","targetHints":{"allow":["GET"]}}],"collection":[{"href":"https:\/\/prizrenpost.com\/al\/wp-json\/wp\/v2\/posts"}],"about":[{"href":"https:\/\/prizrenpost.com\/al\/wp-json\/wp\/v2\/types\/post"}],"author":[{"embeddable":true,"href":"https:\/\/prizrenpost.com\/al\/wp-json\/wp\/v2\/users\/1"}],"replies":[{"embeddable":true,"href":"https:\/\/prizrenpost.com\/al\/wp-json\/wp\/v2\/comments?post=65064"}],"version-history":[{"count":1,"href":"https:\/\/prizrenpost.com\/al\/wp-json\/wp\/v2\/posts\/65064\/revisions"}],"predecessor-version":[{"id":65065,"href":"https:\/\/prizrenpost.com\/al\/wp-json\/wp\/v2\/posts\/65064\/revisions\/65065"}],"wp:featuredmedia":[{"embeddable":true,"href":"https:\/\/prizrenpost.com\/al\/wp-json\/wp\/v2\/media\/64635"}],"wp:attachment":[{"href":"https:\/\/prizrenpost.com\/al\/wp-json\/wp\/v2\/media?parent=65064"}],"wp:term":[{"taxonomy":"category","embeddable":true,"href":"https:\/\/prizrenpost.com\/al\/wp-json\/wp\/v2\/categories?post=65064"},{"taxonomy":"post_tag","embeddable":true,"href":"https:\/\/prizrenpost.com\/al\/wp-json\/wp\/v2\/tags?post=65064"}],"curies":[{"name":"wp","href":"https:\/\/api.w.org\/{rel}","templated":true}]}}