{"id":65140,"date":"2022-09-14T11:04:57","date_gmt":"2022-09-14T09:04:57","guid":{"rendered":"https:\/\/prizrenpost.com\/al\/?p=65140"},"modified":"2022-09-14T11:04:57","modified_gmt":"2022-09-14T09:04:57","slug":"be-ja-nuk-eshte-e-kompletuar-pa-ballkanin-perendimor","status":"publish","type":"post","link":"https:\/\/prizrenpost.com\/al\/be-ja-nuk-eshte-e-kompletuar-pa-ballkanin-perendimor\/","title":{"rendered":"BE-ja nuk \u00ebsht\u00eb e kompletuar pa Ballkanin Per\u00ebndimor"},"content":{"rendered":"<p><img decoding=\"async\" src=\"https:\/\/prizrenpost.com\/al\/wp-content\/uploads\/2022\/09\/Ursula-von-der-Leyen.png\" alt=\"\" width=\"100%\" height=\"\" class=\"alignnone size-full wp-image-65141\" srcset=\"https:\/\/prizrenpost.com\/al\/wp-content\/uploads\/2022\/09\/Ursula-von-der-Leyen.png 780w, https:\/\/prizrenpost.com\/al\/wp-content\/uploads\/2022\/09\/Ursula-von-der-Leyen-300x169.png 300w, https:\/\/prizrenpost.com\/al\/wp-content\/uploads\/2022\/09\/Ursula-von-der-Leyen-768x432.png 768w\" sizes=\"(max-width: 780px) 100vw, 780px\" \/><\/p>\n<p><strong>STRASBURG &#8211; Presidentja e Komisionit Evropian, Ursula von der Leyen, insistoi q\u00eb shtetet e Ballkanit Per\u00ebndimor, por edhe Ukraina, Gjeorgjia dhe Moldavia, duhet t\u00eb b\u00ebhen pjes\u00eb e familjes evropiane, sepse, si\u00e7 tha ajo, pa k\u00ebto shtete, \u201cunioni yn\u00eb nuk do t\u00eb jet\u00eb i kompletuar\u201d.<\/strong><\/p>\n<p>Von der Leyen m\u00eb 14 shtator mbajti fjalimin vjetor n\u00eb Parlamentin Evropian.<\/p>\n<p>Gjat\u00eb k\u00ebtij fjalimi, shefja e KE-s\u00eb tha se m\u00ebnyra m\u00eb e shpejt\u00eb p\u00ebr t\u00eb zgjeruar sundimin e demokracis\u00eb, \u00ebsht\u00eb duke i forcuar lidhjet me shtetet demokratike n\u00eb kontinentin evropian.<\/p>\n<p>\u201cKjo fillon me ato shtete q\u00eb tashm\u00eb jan\u00eb n\u00eb rrug\u00eb drejt unionit ton\u00eb. Ne duhet t\u00eb jemi n\u00eb an\u00ebn e tyre n\u00eb secilin hap t\u00eb k\u00ebsaj rruge, sepse rruga drejt demokracis\u00eb s\u00eb fuqishme dhe rruga drejt Bashkimit Evropian \u00ebsht\u00eb e nj\u00ebjt\u00eb. Prandaj, dua q\u00eb njer\u00ebzit n\u00eb Ballkanin Per\u00ebndimor, n\u00eb Ukrain\u00eb, Moldavi dhe Gjeorgji ta din\u00eb: ju jeni pjes\u00eb e familjes son\u00eb, e ardhmja e juaj \u00ebsht\u00eb n\u00eb union, dhe unioni yn\u00eb nuk \u00ebsht\u00eb i kompletuar pa ju\u201d, tha Von der Leyen, transmeton REL<\/p>\n<p>Shefja e Komisionit Evropian p\u00ebrmendi Ballkanin n\u00eb disa pjes\u00eb t\u00eb fjalimit t\u00eb saj, kur foli p\u00ebr nevoj\u00ebn q\u00eb t\u00eb rishqyrtohet politika e jashtme e BE-s\u00eb.<\/p>\n<p>\u201cTash \u00ebsht\u00eb koha p\u00ebr t\u00eb investuar n\u00eb forc\u00ebn e demokracis\u00eb. Kjo pun\u00eb fillon me grupin baz\u00eb t\u00eb partner\u00ebve q\u00eb mendojn\u00eb si ne, me miqt\u00eb tan\u00eb n\u00eb secilin komb demokratik n\u00eb bot\u00eb. Ne e shohim bot\u00ebn me t\u00eb nj\u00ebjtin sy. Dhe, ne duhet t\u00eb mobilizojm\u00eb fuqin\u00eb ton\u00eb kolektive\u201d, tha ajo.<\/p>\n<p>Mb\u00ebshtetje p\u00ebr iden\u00eb e Bashk\u00ebsis\u00eb Politike Evropiane<\/p>\n<p>Duke folur p\u00ebr rrug\u00ebn e an\u00ebtar\u00ebsimit n\u00eb BE, presidentja e KE-s\u00eb mb\u00ebshteti iden\u00eb p\u00ebr formimin e nj\u00eb Bashk\u00ebsie Politike Evropiane, duke shtuar se propozimet p\u00ebr k\u00ebt\u00eb tem\u00eb do t\u00eb paraqiten gjat\u00eb samitit t\u00eb bllokut evropian.<\/p>\n<p>Samiti i BE-s\u00eb pritet t\u00eb zhvillohet n\u00eb tetor n\u00eb Prag\u00eb, ku do t\u00eb marrin pjes\u00eb lider\u00ebt e shteteve t\u00eb Ballkanit Per\u00ebndimor, por edhe lider\u00ebt e vendeve evropiane q\u00eb nuk jan\u00eb n\u00eb BE-s\u00eb sikurse Britania e madhe, Norvegjia dhe vendet tjera.<\/p>\n<p>Iden\u00eb p\u00ebr krijimin e nj\u00eb Bashk\u00ebsie Politike Evropiane e kishte p\u00ebrmendur s\u00eb pari presidenti i Franc\u00ebs, Emmanuel Macron, gjat\u00eb kryesimit t\u00eb vendit t\u00eb tij me Presidenc\u00ebn e BE-s\u00eb. Iden\u00eb e presidentit francez e kishte mb\u00ebshtetur edhe presidenti i K\u00ebshillit Evropian, Charles Michel.<\/p>\n<p>Von der Leyen tha se krijimi i k\u00ebsaj bashk\u00ebsie nuk do t\u00eb kishte \u201cp\u00ebr q\u00ebllim q\u00eb ta z\u00ebvend\u00ebsoj\u00eb procesin e zgjerimit t\u00eb BE-s\u00eb.<\/p>\n<p>Putin \u201cdo t\u00eb d\u00ebshtoj\u00eb, Ukraina do t\u00eb triumfoj\u00eb\u201d<\/p>\n<p>Pjesa m\u00eb e madhe e fjalimit t\u00eb Von der Leyen iu kushtuar pushtimit t\u00eb paprovokuar rus t\u00eb Ukrain\u00ebs dhe pasoja q\u00eb ka shkaktuar kjo luft\u00eb, jo vet\u00ebm p\u00ebr Ukrain\u00ebn, por edhe bot\u00ebn, p\u00ebrfshir\u00eb edhe rritjen e madhe t\u00eb \u00e7mimit t\u00eb naft\u00ebs s\u00eb gazit.<\/p>\n<p>E veshur me rroba me ngjyra t\u00eb flamurit t\u00eb Ukrain\u00ebs, Von der Leyen tha se BE-ja ve\u00e7se ka zvog\u00ebluar duksh\u00ebm var\u00ebsin\u00eb me furnizime t\u00eb energjis\u00eb ruse.<\/p>\n<p>Ajo rikujtoi se vitin e kaluar, BE-ja merrte 40 p\u00ebr qind t\u00eb gazit nga Rusia, nd\u00ebrkaq sivjet kjo p\u00ebrqindje ka r\u00ebn\u00eb n\u00eb 9 p\u00ebr qind.<\/p>\n<p>Mysafire e ve\u00e7ant\u00eb gjat\u00eb fjalimit t\u00eb Von der Leyen n\u00eb Parlamentin Evropian ishte bashk\u00ebshortja e presidentit t\u00eb Ukrain\u00ebs.<\/p>\n<p>Duke folur p\u00ebr sanksionet ndaj Rusis\u00eb ajo tha se ato po japin rezultat dhe ato \u201cjan\u00eb aty p\u00ebr t\u00eb mbetur\u201d.<\/p>\n<p>\u201c[Presidenti i Rusis\u00eb, Vladimir] Putin do t\u00eb d\u00ebshtoj\u00eb, Ukraina dhe Evropa do t\u00eb triumfojn\u00eb\u201d, tha ajo.<\/p>\n<p>Shefja e Komisionit Evropian po ashtu ka prezantuar disa masa p\u00ebr t\u00eb ulur konsumin e energjis\u00eb gjat\u00eb dimrit, teksa e akuzoi Rusin\u00eb se po manipulon me tregun e energjis\u00eb, duke djegur gaz dhe duke rritur \u00e7mimet e energjis\u00eb n\u00eb tregjet bot\u00ebrore.<\/p>\n","protected":false},"excerpt":{"rendered":"<p>STRASBURG &#8211; Presidentja e Komisionit Evropian, Ursula von der Leyen, insistoi q\u00eb shtetet e Ballkanit Per\u00ebndimor, por edhe Ukraina, Gjeorgjia dhe Moldavia, duhet t\u00eb b\u00ebhen pjes\u00eb e familjes evropiane, sepse, si\u00e7 tha ajo, pa k\u00ebto shtete, \u201cunioni yn\u00eb nuk do t\u00eb jet\u00eb i kompletuar\u201d. Von der Leyen m\u00eb 14 shtator mbajti fjalimin vjetor n\u00eb Parlamentin [&hellip;]<\/p>\n","protected":false},"author":1,"featured_media":65141,"comment_status":"open","ping_status":"open","sticky":false,"template":"","format":"standard","meta":{"footnotes":""},"categories":[33],"tags":[895,1057,5796],"class_list":["post-65140","post","type-post","status-publish","format-standard","has-post-thumbnail","hentry","category-europe","tag-ballkani","tag-bashkimi-europian","tag-ursula-von-der-leyen"],"_links":{"self":[{"href":"https:\/\/prizrenpost.com\/al\/wp-json\/wp\/v2\/posts\/65140","targetHints":{"allow":["GET"]}}],"collection":[{"href":"https:\/\/prizrenpost.com\/al\/wp-json\/wp\/v2\/posts"}],"about":[{"href":"https:\/\/prizrenpost.com\/al\/wp-json\/wp\/v2\/types\/post"}],"author":[{"embeddable":true,"href":"https:\/\/prizrenpost.com\/al\/wp-json\/wp\/v2\/users\/1"}],"replies":[{"embeddable":true,"href":"https:\/\/prizrenpost.com\/al\/wp-json\/wp\/v2\/comments?post=65140"}],"version-history":[{"count":1,"href":"https:\/\/prizrenpost.com\/al\/wp-json\/wp\/v2\/posts\/65140\/revisions"}],"predecessor-version":[{"id":65142,"href":"https:\/\/prizrenpost.com\/al\/wp-json\/wp\/v2\/posts\/65140\/revisions\/65142"}],"wp:featuredmedia":[{"embeddable":true,"href":"https:\/\/prizrenpost.com\/al\/wp-json\/wp\/v2\/media\/65141"}],"wp:attachment":[{"href":"https:\/\/prizrenpost.com\/al\/wp-json\/wp\/v2\/media?parent=65140"}],"wp:term":[{"taxonomy":"category","embeddable":true,"href":"https:\/\/prizrenpost.com\/al\/wp-json\/wp\/v2\/categories?post=65140"},{"taxonomy":"post_tag","embeddable":true,"href":"https:\/\/prizrenpost.com\/al\/wp-json\/wp\/v2\/tags?post=65140"}],"curies":[{"name":"wp","href":"https:\/\/api.w.org\/{rel}","templated":true}]}}